{"id":13796,"date":"2022-11-08T08:00:52","date_gmt":"2022-11-08T07:00:52","guid":{"rendered":"https:\/\/www.eurofirany.com.pl\/blog\/?p=13796"},"modified":"2022-11-04T19:22:25","modified_gmt":"2022-11-04T18:22:25","slug":"ogrod-w-szkle-jak-zrobic-i-jak-o-niego-dbac","status":"publish","type":"post","link":"https:\/\/www.eurofirany.com.pl\/blog\/ogrod-w-szkle-jak-zrobic-i-jak-o-niego-dbac","title":{"rendered":"Ogr\u00f3d w szkle \u2013 jak zrobi\u0107 i jak o niego dba\u0107?"},"content":{"rendered":"<span class=\"span-reading-time rt-reading-time\" style=\"display: block;\"><span class=\"rt-label rt-prefix\">Czas czytania: <\/span> <span class=\"rt-time\"> 4<\/span> <span class=\"rt-label rt-postfix\">minuty<\/span><\/span><p style=\"text-align: justify;\"><strong>Ogr\u00f3d w szkle to ostatnio bardzo popularna dekoracja naszych mieszka\u0144. Takie kompozycje ro\u015blinne bardzo ciekawie si\u0119 prezentuj\u0105 i wprowadzaj\u0105 wyj\u0105tkowy charakter w pomieszczeniu. Miniaturowa, ro\u015blinna kompozycja to przeniesienie dzikiej natury do wn\u0119trza. Namiastka ogrodu czy lasu zamkni\u0119ta w butelce lub s\u0142oiku pozwoli poczu\u0107 niesamowity klimat. Szczeg\u00f3lnie polecane dla posiadaczy mieszka\u0144 w\u00a0miastach. Zajmuje niewiele miejsca i nie wymaga specjalnej piel\u0119gnacji. Tak\u0105 kompozycj\u0119 mo\u017cna kupi\u0107 gotow\u0105 w sklepie lub kwiaciarni. Polecam jednak wykona\u0107 samodzielnie, nie jest to zadanie trudne, a sprawi wam wiele satysfakcji i\u00a0przyjemno\u015bci. Podpowiem jak zrobi\u0107 ogr\u00f3d w szkle. Wystarczy wiedzie\u0107 o kilku podstawowych zasadach tworzenia takich kompozycji. <\/strong><!--more--><\/p>\n<div class=\"su-spacer\" style=\"height:20px\"><\/div>\n<div class=\"su-spacer\" style=\"height:20px\"><\/div>\n<h2>Jak zrobi\u0107 ogr\u00f3d w szkle?<\/h2>\n<p>Kompozycje ro\u015blinne mo\u017cemy tworzy\u0107 w szklanych naczyniach zamkni\u0119tych lub otwartych. W zale\u017cno\u015bci od wyboru naczynia, nale\u017cy dobra\u0107 odpowiednie ro\u015bliny.<strong> Do<\/strong> <strong>naczy\u0144 otwartych polecam kaktusy i sukulenty<\/strong>. Ro\u015bliny te charakteryzuj\u0105 si\u0119 powolnym wzrostem, a do tego znakomicie magazynuj\u0105 wod\u0119. W otwartym naczyniu panuje umiarkowana wilgotno\u015b\u0107, idealna dla tego typu ro\u015blin. Dzi\u0119ki tym ro\u015blinom stworzymy tzw. ogrody pustynne. Idealne kompozycje do pomieszcze\u0144 z oknami wychodz\u0105cymi na po\u0142udnie, nie wymagaj\u0105 cz\u0119stego polewania. Do przygotowania kompozycji wybierz niezbyt du\u017ce i p\u0142askie naczynie, b\u0119dzie \u0142atwiej u\u0142o\u017cy\u0107 ro\u015bliny. To nie znaczy, \u017ce nie mo\u017cna sadzi\u0107 ich w du\u017cych i wysokich s\u0142ojach. Owszem mo\u017cna, kompozycja b\u0119dzie efektowna, ale wymaga grubszych warstw ziemi i w\u0142o\u017cenia troch\u0119 wi\u0119cej pracy w jej przygotowaniu. To od czego zaczynamy? Od wybory ro\u015blin do naszej kompozycji.<\/p>\n<div class=\"su-spacer\" style=\"height:20px\"><\/div>\n<p><img loading=\"lazy\" decoding=\"async\" class=\"alignleft wp-image-13803 size-full\" src=\"https:\/\/www.eurofirany.com.pl\/blog\/wp-content\/uploads\/2022\/11\/1_ogrod.jpg\" alt=\"jak zrobi\u0107 ogr\u00f3d w szkle\" width=\"1350\" height=\"900\" \/><br \/>\n<div class=\"su-spacer\" style=\"height:20px\"><\/div>\n<h2>Jak zrobi\u0107 ogr\u00f3d w szkle &#8211; krok po kroku<\/h2>\n<p align=\"justify\"><span style=\"color: #222222;\"><span style=\"font-family: Arial, serif;\"><span style=\"font-size: medium;\"><strong>Kwiaty w szkle jak zrobi\u0107?<\/strong> Zacznij od wyboru odpowiednich ro\u015blin.\u00a0<\/span><\/span><\/span><strong>Do kompozycji wybierz maksymalnie 4 ro\u015bliny<\/strong>. Ja wybieram aloes, to bardzo popularny sukulent. Posiada wyraziste, ostro zako\u0144czone zielone li\u015bcie. Chc\u0119, aby w\u00a0mojej kompozycji by\u0142y ro\u015bliny kwitn\u0105ce. Dobieram kaktus z rodziny mamilaria, kt\u00f3ry w\u00a0okresie od wiosny do jesieni cieszy nasze oko kolorowymi, drobnymi kwiatuszkami. Grubosz jajowaty, zwany cz\u0119sto drzewkiem szcz\u0119\u015bcia, to niewielka ro\u015blinka o\u00a0mi\u0119sistych li\u015bciach, pi\u0119knie b\u0119dzie prezentowa\u0107 si\u0119 w szkle. I jeszcze haworsja. Haworthia limifolia, te ro\u015bliny wyr\u00f3\u017cniaj\u0105 si\u0119 rozetami li\u015bci pokrytymi z wierzchu i od spodu pasmami bia\u0142ych brodawek. Mamy naczynie i ro\u015bliny, zaczynamy.<\/p>\n<div class=\"su-spacer\" style=\"height:20px\"><\/div>\n<p align=\"justify\"><img loading=\"lazy\" decoding=\"async\" class=\"alignleft wp-image-13801 size-full\" src=\"https:\/\/www.eurofirany.com.pl\/blog\/wp-content\/uploads\/2022\/11\/3_ogrod.jpg\" alt=\"kwiaty w szkle jak zrobi\u0107\" width=\"1500\" height=\"1000\" \/><\/p>\n<div class=\"su-spacer\" style=\"height:20px\"><\/div>\n<p><strong>Pierwsza warstwa<\/strong> &#8211; drena\u017c &#8211; na sp\u00f3d naczynia wk\u0142adamy pierwsza warstw\u0119, czyli drena\u017c. Wykorzystujemy w tym celu keramzyt lub inne kruszywo. Warstwa ta powinna mie\u0107 wysoko\u015b\u0107 od 1,5 do 2,5 cm.<\/p>\n<p><strong>Druga warstwa<\/strong> \u2013 w\u0119giel aktywny \u2013 to nasz filtr, chroni nasze ro\u015bliny przed bakteriami i grzybami, dodatkowo neutralizuje nieprzyjemne zapachy z naczynia.<\/p>\n<p><strong>Trzecia warstwa<\/strong> \u2013 ziemia \u2013 odpowiednio dobrana do ro\u015blin, ok. 4 cm, przepuszczalna. Wsypuj\u0105c ziemi\u0119 tworzymy niewielkie wzniesienia, aby uatrakcyjni\u0107 kompozycje.<\/p>\n<p><strong>Warstwa pisku<\/strong> \u2013 chodzi o aspekt dekoracyjny, dodajemy przy \u015bciankach naczynia, nie na ca\u0142ej powierzchni.<\/p>\n<p><strong>Ro\u015bliny &#8211;<\/strong> przed w\u0142a\u015bciwym sadzeniem, u\u0142\u00f3\u017c ro\u015bliny obok siebie, zachowuj\u0105c pi\u0119trowo\u015b\u0107 ro\u015blin. Je\u015bli wszystko pasuje, przejd\u017a do w\u0142a\u015bciwego sadzenia. Pami\u0119taj, aby w naczyniu pozostawi\u0107 woln\u0105 przestrze\u0144, aby ro\u015bliny mog\u0142y stopniowo j\u0105 wype\u0142nia\u0107.<\/p>\n<p><strong>Dekoracja<\/strong> \u2013 mo\u017cna wykorzysta\u0107 mech, kamienie, kor\u0119. Stworzy to kompletn\u0105 ca\u0142o\u015b\u0107.<\/p>\n<div class=\"su-spacer\" style=\"height:20px\"><\/div>\n<p><img loading=\"lazy\" decoding=\"async\" class=\"alignleft wp-image-13800 size-full\" src=\"https:\/\/www.eurofirany.com.pl\/blog\/wp-content\/uploads\/2022\/11\/4_ogrod.jpg\" alt=\"jak zrobi\u0107 ogr\u00f3d w szkle\" width=\"1500\" height=\"1000\" \/><br \/>\n<div class=\"su-spacer\" style=\"height:20px\"><\/div>\n<h2>Jak zrobi\u0107 las w szkle?<\/h2>\n<p>Kompozycje w zamkni\u0119tych naczyniach to idealne rozwi\u0105zanie dla zapracowanych lub cz\u0119sto podr\u00f3\u017cuj\u0105cych. <strong>Ro\u015bliny zamkni\u0119te w szkle to ma\u0142y ekosystem<\/strong>. Najcz\u0119stszym sposobem zamkni\u0119cia naczynia jest korkowa przykrywka. W naczyniu panuje du\u017ca wilgotno\u015b\u0107 powietrza, dlatego do kompozycji wybierz gatunki ro\u015blin, kt\u00f3re lubi\u0105 wilgo\u0107. <strong>Sprawdza si\u0119 tutaj: bluszcz, papro\u0107, skrzyd\u0142okwiat, trzykrotka, asparagus, widliczka, pilea itp.<\/strong> Podobnie jak w przypadku otwartych naczy\u0144, zaczynamy od warstw drena\u017cu, w\u0119gla i ziemi. Warto pod\u0142o\u017ce wy\u0142o\u017cy\u0107 mchem, kt\u00f3ry gromadzi w sobie wod\u0119, potrzebn\u0105 do funkcjonowania ro\u015blin. Dobieramy odpowiednie ro\u015bliny i cieszymy si\u0119 namiastk\u0105 lasu w naszym domu. A co z piel\u0119gnacj\u0105, czy to jest trudne zadanie?<\/p>\n<div class=\"su-spacer\" style=\"height:20px\"><\/div>\n<p><img loading=\"lazy\" decoding=\"async\" class=\"alignleft wp-image-13798 size-full\" src=\"https:\/\/www.eurofirany.com.pl\/blog\/wp-content\/uploads\/2022\/11\/6-1.jpg\" alt=\"jak zrobi\u0107 las w szkle\" width=\"1353\" height=\"900\" \/><br \/>\n<div class=\"su-spacer\" style=\"height:20px\"><\/div>\n<h2>Ro\u015bliny w szkle jak piel\u0119gnowa\u0107?<\/h2>\n<p>Ro\u015bliny zamkni\u0119te w s\u0142oju maj\u0105 zr\u00f3wnowa\u017con\u0105 biosfer\u0119, rozwijaj\u0105 si\u0119 bez ingerencji cz\u0142owieka. Taka kompozycja mo\u017ce zdobi\u0107 nasze wn\u0119trza prze wile lat. Rozproszone \u015bwiat\u0142o s\u0142oneczne, skraplaj\u0105ca si\u0119 para wodna to wystarczy dla naszych ro\u015blin. Ro\u015bliny podczas przeprowadzania procesu fotosyntezy wytwarzaj\u0105 nie tylko zwi\u0105zki organiczne, ale r\u00f3wnie\u017c tlen. Ogrody w zamkni\u0119tym szkle podlewamy bezpo\u015brednio po posadzeniu ro\u015blin. Pod\u0142o\u017ce powinno zrobi\u0107 si\u0119 wilgotne, odstawiamy naczynie na dzie\u0144, aby nadmiar wody naturalnie odparowa\u0142, a nast\u0119pnie zamykamy szczelnie. Przez pierwsze dwa tygodnie warto wietrzy\u0107 naczynie codziennie przez ok 10 min. Nast\u0119pnie delikatnie zraszamy i zamykamy na sta\u0142e. Po tym czasie dochodzi do stabilizacji i nasz ogr\u00f3d nie wymaga naszej ingerencji. Je\u015bli zauwa\u017cymy, \u017ce nasze ro\u015bliny zaczynaj\u0105 bledn\u0105\u0107 to znak, \u017ce nale\u017cy je delikatnie podla\u0107. Mo\u017ce si\u0119 tak zdarzy\u0107 je\u015bli naczynie nie jest szczelne i powietrze przesusza pod\u0142o\u017ce. Zamkni\u0119te naczynia podlewamy tylko raz, a otwarte?<\/p>\n<div class=\"su-spacer\" style=\"height:20px\"><\/div>\n<div class=\"su-spacer\" style=\"height:20px\"><\/div>\n<h2>Jak podlewa\u0107 las w szkle otwarty?<\/h2>\n<p>Cz\u0119stotliwo\u015b\u0107 podlewania kompozycji otwartych, zale\u017cy od ro\u015blin jakie w niej posadzili\u015bmy. W takim naczyniu woda nie kr\u0105\u017cy w obiegu zamkni\u0119tym, wi\u0119c trzeba jej regularnie dostarcza\u0107. Sukulenty wymagaj\u0105 rzadkiego polewania, w zale\u017cno\u015bci od pory roku: zim\u0105 raz w miesi\u0105cu, latem natomiast co ok 10 dni. Zawsze warto sadzi\u0107 ro\u015bliny o podobnych wymaganiach. I obserwowa\u0107, je\u015bli zauwa\u017cysz co\u015b niepokoj\u0105cego, nale\u017cy zaraz interweniowa\u0107. No w\u0142a\u015bnie, jak dba\u0107 o taki las w szkle?<\/p>\n<div class=\"su-spacer\" style=\"height:20px\"><\/div>\n<p><img loading=\"lazy\" decoding=\"async\" class=\"alignleft size-full wp-image-13799\" src=\"https:\/\/www.eurofirany.com.pl\/blog\/wp-content\/uploads\/2022\/11\/5_ogrod.jpg\" alt=\"las w szkle\" width=\"1500\" height=\"1000\" \/><br \/>\n<div class=\"su-spacer\" style=\"height:20px\"><\/div>\n<h2>Ogr\u00f3d w szkle jak dba\u0107?<\/h2>\n<p>Wa\u017cne, aby kompozycja mia\u0142a sta\u0142y dost\u0119p do naturalnego \u015bwiat\u0142a, ale nie mo\u017ce sta\u0107 bezpo\u015brednio na s\u0142o\u0144cu, nasze ro\u015bliny mog\u0105 si\u0119 wtedy ugotowa\u0107. Co mo\u017ce sugerowa\u0107, \u017ce z naszym ogrodem jest co\u015b nie tak? Przede wszystkim zasychaj\u0105ce ro\u015bliny, po\u017c\u00f3\u0142k\u0142y mech, oznaki ple\u015bni i zgnilizny. Mo\u017ce to wynika\u0107 z niew\u0142a\u015bciwej wilgotno\u015bci pod\u0142o\u017ca. Za sucho \u2013 nale\u017cy delikatnie podla\u0107, za mokro- otw\u00f3rz naczynie, niech nadmiar wody odparuje. Li\u015bcie mog\u0105 r\u00f3wnie\u017c \u017c\u00f3\u0142kn\u0105\u0107 z niedoboru \u015bwiat\u0142a. Raczej nale\u017cy unika\u0107 nawo\u017cenia ro\u015blin, nie zale\u017cy nam na ich szybkim wzro\u015bcie. Co zrobi\u0107, gdy nasze ro\u015bliny w naczyniu si\u0119 rozrosn\u0105? Kupi\u0107 wi\u0119kszy s\u0142\u00f3j lub inne naczynie i tworzy\u0107 nowy ogr\u00f3d w szkle. Mo\u017cna r\u00f3wnie\u017c przesadzi\u0107 wyro\u015bni\u0119te ro\u015bliny do tradycyjnych doniczek, a w ich miejsce posadzi\u0107 nowe, ma\u0142e ro\u015bliny.<\/p>\n<p>&nbsp;<\/p>\n<h3><strong>Zobacz tak\u017ce:\u00a0<\/strong><\/h3>\n<p><a href=\"https:\/\/www.eurofirany.com.pl\/blog\/ukladanie-bukietow-jak-ulozyc-kwiaty-w-wysokim-wazonie-sprawdzone-sposoby\">Jak u\u0142o\u017cy\u0107 kwiaty w wysokim wazonie?\u00a0<\/a><\/p>\n<p><a href=\"https:\/\/www.eurofirany.com.pl\/blog\/sztuczne-kwiaty-w-wazonie-podpowiadamy-jak-udekorowac-salon\">Sztuczne kwiaty w wazonie &#8211; jak udekorowa\u0107 salon?\u00a0<\/a><\/p>\n<p><a href=\"https:\/\/www.eurofirany.com.pl\/blog\/motywy-florystyczne-w-sypialni\">Motywy florystyczne w sypialni.\u00a0<\/a><\/p>\n<p>&nbsp;<\/p>\n<p>&nbsp;<\/p>\n<p>&nbsp;<\/p>\n<p>&nbsp;<\/p>\n","protected":false},"excerpt":{"rendered":"<p><span class=\"span-reading-time rt-reading-time\" style=\"display: block;\"><span class=\"rt-label rt-prefix\">Czas czytania: <\/span> <span class=\"rt-time\"> 4<\/span> <span class=\"rt-label rt-postfix\">minuty<\/span><\/span>Ogr\u00f3d w szkle to ostatnio bardzo popularna dekoracja naszych mieszka\u0144. Takie kompozycje ro\u015blinne bardzo ciekawie si\u0119 prezentuj\u0105 i wprowadzaj\u0105 wyj\u0105tkowy charakter w pomieszczeniu. Miniaturowa, ro\u015blinna kompozycja to przeniesienie dzikiej natury do wn\u0119trza. Namiastka ogrodu czy lasu zamkni\u0119ta w butelce lub [&hellip;]<\/p>\n","protected":false},"author":12,"featured_media":13802,"comment_status":"open","ping_status":"open","sticky":false,"template":"","format":"standard","meta":{"footnotes":""},"categories":[185],"tags":[],"class_list":["post-13796","post","type-post","status-publish","format-standard","has-post-thumbnail","hentry","category-diy"],"yoast_head":"<!-- This site is optimized with the Yoast SEO plugin v27.3 - https:\/\/yoast.com\/product\/yoast-seo-wordpress\/ -->\n<title>Ogr\u00f3d w szkle \u2013 jak zrobi\u0107 i jak o niego dba\u0107? - E-blog by Eurofirany<\/title>\n<meta name=\"description\" content=\"Jak zrobi\u0107 ogr\u00f3d w szkle? Zobacz jak przygotowa\u0107 piekn\u0105 dekoracj\u0119 - ogr\u00f3d w szkle, kt\u00f3ry zachwyci wszystkich. Zobacz jak go wykona\u0107 i jak o niego zadba\u0107.\" \/>\n<meta name=\"robots\" content=\"index, follow, max-snippet:-1, max-image-preview:large, max-video-preview:-1\" \/>\n<link rel=\"canonical\" href=\"https:\/\/www.eurofirany.com.pl\/blog\/ogrod-w-szkle-jak-zrobic-i-jak-o-niego-dbac\" \/>\n<meta property=\"og:locale\" content=\"pl_PL\" \/>\n<meta property=\"og:type\" content=\"article\" \/>\n<meta property=\"og:title\" content=\"Ogr\u00f3d w szkle \u2013 jak zrobi\u0107 i jak o niego dba\u0107? - E-blog by Eurofirany\" \/>\n<meta property=\"og:description\" content=\"Jak zrobi\u0107 ogr\u00f3d w szkle? Zobacz jak przygotowa\u0107 piekn\u0105 dekoracj\u0119 - ogr\u00f3d w szkle, kt\u00f3ry zachwyci wszystkich. Zobacz jak go wykona\u0107 i jak o niego zadba\u0107.\" \/>\n<meta property=\"og:url\" content=\"https:\/\/www.eurofirany.com.pl\/blog\/ogrod-w-szkle-jak-zrobic-i-jak-o-niego-dbac\" \/>\n<meta property=\"og:site_name\" content=\"E-blog by Eurofirany\" \/>\n<meta property=\"article:published_time\" content=\"2022-11-08T07:00:52+00:00\" \/>\n<meta property=\"og:image\" content=\"https:\/\/www.eurofirany.com.pl\/blog\/wp-content\/uploads\/2022\/11\/2_ogrod.jpg\" \/>\n\t<meta property=\"og:image:width\" content=\"1500\" \/>\n\t<meta property=\"og:image:height\" content=\"1000\" \/>\n\t<meta property=\"og:image:type\" content=\"image\/jpeg\" \/>\n<meta name=\"author\" content=\"Izabela Konior - DIY\" \/>\n<meta name=\"twitter:card\" content=\"summary_large_image\" \/>\n<meta name=\"twitter:label1\" content=\"Napisane przez\" \/>\n\t<meta name=\"twitter:data1\" content=\"Izabela Konior - DIY\" \/>\n\t<meta name=\"twitter:label2\" content=\"Szacowany czas czytania\" \/>\n\t<meta name=\"twitter:data2\" content=\"6 minut\" \/>\n<script type=\"application\/ld+json\" class=\"yoast-schema-graph\">{\"@context\":\"https:\\\/\\\/schema.org\",\"@graph\":[{\"@type\":\"Article\",\"@id\":\"https:\\\/\\\/www.eurofirany.com.pl\\\/blog\\\/ogrod-w-szkle-jak-zrobic-i-jak-o-niego-dbac#article\",\"isPartOf\":{\"@id\":\"https:\\\/\\\/www.eurofirany.com.pl\\\/blog\\\/ogrod-w-szkle-jak-zrobic-i-jak-o-niego-dbac\"},\"author\":{\"name\":\"Izabela Konior - DIY\",\"@id\":\"https:\\\/\\\/www.eurofirany.com.pl\\\/blog\\\/#\\\/schema\\\/person\\\/5f98aaa67c3937a5ee9e5bdd5fbc8177\"},\"headline\":\"Ogr\u00f3d w szkle \u2013 jak zrobi\u0107 i jak o niego dba\u0107?\",\"datePublished\":\"2022-11-08T07:00:52+00:00\",\"mainEntityOfPage\":{\"@id\":\"https:\\\/\\\/www.eurofirany.com.pl\\\/blog\\\/ogrod-w-szkle-jak-zrobic-i-jak-o-niego-dbac\"},\"wordCount\":1174,\"commentCount\":1,\"publisher\":{\"@id\":\"https:\\\/\\\/www.eurofirany.com.pl\\\/blog\\\/#organization\"},\"image\":{\"@id\":\"https:\\\/\\\/www.eurofirany.com.pl\\\/blog\\\/ogrod-w-szkle-jak-zrobic-i-jak-o-niego-dbac#primaryimage\"},\"thumbnailUrl\":\"https:\\\/\\\/www.eurofirany.com.pl\\\/blog\\\/wp-content\\\/uploads\\\/2022\\\/11\\\/2_ogrod.jpg\",\"articleSection\":[\"DIY\"],\"inLanguage\":\"pl-PL\",\"potentialAction\":[{\"@type\":\"CommentAction\",\"name\":\"Comment\",\"target\":[\"https:\\\/\\\/www.eurofirany.com.pl\\\/blog\\\/ogrod-w-szkle-jak-zrobic-i-jak-o-niego-dbac#respond\"]}]},{\"@type\":\"WebPage\",\"@id\":\"https:\\\/\\\/www.eurofirany.com.pl\\\/blog\\\/ogrod-w-szkle-jak-zrobic-i-jak-o-niego-dbac\",\"url\":\"https:\\\/\\\/www.eurofirany.com.pl\\\/blog\\\/ogrod-w-szkle-jak-zrobic-i-jak-o-niego-dbac\",\"name\":\"Ogr\u00f3d w szkle \u2013 jak zrobi\u0107 i jak o niego dba\u0107? - E-blog by Eurofirany\",\"isPartOf\":{\"@id\":\"https:\\\/\\\/www.eurofirany.com.pl\\\/blog\\\/#website\"},\"primaryImageOfPage\":{\"@id\":\"https:\\\/\\\/www.eurofirany.com.pl\\\/blog\\\/ogrod-w-szkle-jak-zrobic-i-jak-o-niego-dbac#primaryimage\"},\"image\":{\"@id\":\"https:\\\/\\\/www.eurofirany.com.pl\\\/blog\\\/ogrod-w-szkle-jak-zrobic-i-jak-o-niego-dbac#primaryimage\"},\"thumbnailUrl\":\"https:\\\/\\\/www.eurofirany.com.pl\\\/blog\\\/wp-content\\\/uploads\\\/2022\\\/11\\\/2_ogrod.jpg\",\"datePublished\":\"2022-11-08T07:00:52+00:00\",\"description\":\"Jak zrobi\u0107 ogr\u00f3d w szkle? Zobacz jak przygotowa\u0107 piekn\u0105 dekoracj\u0119 - ogr\u00f3d w szkle, kt\u00f3ry zachwyci wszystkich. Zobacz jak go wykona\u0107 i jak o niego zadba\u0107.\",\"breadcrumb\":{\"@id\":\"https:\\\/\\\/www.eurofirany.com.pl\\\/blog\\\/ogrod-w-szkle-jak-zrobic-i-jak-o-niego-dbac#breadcrumb\"},\"inLanguage\":\"pl-PL\",\"potentialAction\":[{\"@type\":\"ReadAction\",\"target\":[\"https:\\\/\\\/www.eurofirany.com.pl\\\/blog\\\/ogrod-w-szkle-jak-zrobic-i-jak-o-niego-dbac\"]}]},{\"@type\":\"ImageObject\",\"inLanguage\":\"pl-PL\",\"@id\":\"https:\\\/\\\/www.eurofirany.com.pl\\\/blog\\\/ogrod-w-szkle-jak-zrobic-i-jak-o-niego-dbac#primaryimage\",\"url\":\"https:\\\/\\\/www.eurofirany.com.pl\\\/blog\\\/wp-content\\\/uploads\\\/2022\\\/11\\\/2_ogrod.jpg\",\"contentUrl\":\"https:\\\/\\\/www.eurofirany.com.pl\\\/blog\\\/wp-content\\\/uploads\\\/2022\\\/11\\\/2_ogrod.jpg\",\"width\":1500,\"height\":1000,\"caption\":\"jak zrobi\u0107 ogr\u00f3d w szkle\"},{\"@type\":\"BreadcrumbList\",\"@id\":\"https:\\\/\\\/www.eurofirany.com.pl\\\/blog\\\/ogrod-w-szkle-jak-zrobic-i-jak-o-niego-dbac#breadcrumb\",\"itemListElement\":[{\"@type\":\"ListItem\",\"position\":1,\"name\":\"Strona g\u0142\u00f3wna\",\"item\":\"https:\\\/\\\/www.eurofirany.com.pl\\\/blog\"},{\"@type\":\"ListItem\",\"position\":2,\"name\":\"Ogr\u00f3d w szkle \u2013 jak zrobi\u0107 i jak o niego dba\u0107?\"}]},{\"@type\":\"WebSite\",\"@id\":\"https:\\\/\\\/www.eurofirany.com.pl\\\/blog\\\/#website\",\"url\":\"https:\\\/\\\/www.eurofirany.com.pl\\\/blog\\\/\",\"name\":\"E-blog by Eurofirany\",\"description\":\"\",\"publisher\":{\"@id\":\"https:\\\/\\\/www.eurofirany.com.pl\\\/blog\\\/#organization\"},\"potentialAction\":[{\"@type\":\"SearchAction\",\"target\":{\"@type\":\"EntryPoint\",\"urlTemplate\":\"https:\\\/\\\/www.eurofirany.com.pl\\\/blog\\\/?s={search_term_string}\"},\"query-input\":{\"@type\":\"PropertyValueSpecification\",\"valueRequired\":true,\"valueName\":\"search_term_string\"}}],\"inLanguage\":\"pl-PL\"},{\"@type\":\"Organization\",\"@id\":\"https:\\\/\\\/www.eurofirany.com.pl\\\/blog\\\/#organization\",\"name\":\"Eurofirany\",\"url\":\"https:\\\/\\\/www.eurofirany.com.pl\\\/blog\\\/\",\"logo\":{\"@type\":\"ImageObject\",\"inLanguage\":\"pl-PL\",\"@id\":\"https:\\\/\\\/www.eurofirany.com.pl\\\/blog\\\/#\\\/schema\\\/logo\\\/image\\\/\",\"url\":\"https:\\\/\\\/www.eurofirany.com.pl\\\/blog\\\/wp-content\\\/uploads\\\/2017\\\/07\\\/logo.png\",\"contentUrl\":\"https:\\\/\\\/www.eurofirany.com.pl\\\/blog\\\/wp-content\\\/uploads\\\/2017\\\/07\\\/logo.png\",\"width\":428,\"height\":201,\"caption\":\"Eurofirany\"},\"image\":{\"@id\":\"https:\\\/\\\/www.eurofirany.com.pl\\\/blog\\\/#\\\/schema\\\/logo\\\/image\\\/\"}},{\"@type\":\"Person\",\"@id\":\"https:\\\/\\\/www.eurofirany.com.pl\\\/blog\\\/#\\\/schema\\\/person\\\/5f98aaa67c3937a5ee9e5bdd5fbc8177\",\"name\":\"Izabela Konior - DIY\",\"image\":{\"@type\":\"ImageObject\",\"inLanguage\":\"pl-PL\",\"@id\":\"https:\\\/\\\/secure.gravatar.com\\\/avatar\\\/9286504448f2a8e7e8c7785d3b587b3331b2f3856f19dfd504f4e7605a6c77dd?s=96&d=mm&r=g\",\"url\":\"https:\\\/\\\/secure.gravatar.com\\\/avatar\\\/9286504448f2a8e7e8c7785d3b587b3331b2f3856f19dfd504f4e7605a6c77dd?s=96&d=mm&r=g\",\"contentUrl\":\"https:\\\/\\\/secure.gravatar.com\\\/avatar\\\/9286504448f2a8e7e8c7785d3b587b3331b2f3856f19dfd504f4e7605a6c77dd?s=96&d=mm&r=g\",\"caption\":\"Izabela Konior - DIY\"},\"description\":\"Firanka, kwiatek, m\u0142otek, sznurek czy kawa\u0142ek tkaniny w jej r\u0119kach nabieraj\u0105 nowego znaczenia. Z niczego potrafi wyczarowa\u0107\u2026zawsze wielkie CO\u015a! Do tworzenia potrzebuje wyobra\u017ani, natchnienia i\u2026 przedmiot\u00f3w, kt\u00f3re akurat s\u0105 w zasi\u0119gu jej r\u0119ki. Nie ma znaczenia jakie produkty wykorzysta, na koniec i tak dostajemy zaskakuj\u0105cy i inspiruj\u0105cy pomys\u0142. Jej najwi\u0119kszymi fanami i pomocnikami s\u0105 dzieci: Julka i Kacper. Czas wolny sp\u0119dza z najbli\u017cszym, uwielbia teatr, wieczorne spacery i jazd\u0119 na rowerze. Prywatnie szcz\u0119\u015bliwa \u017cona i mama dw\u00f3jki nastolatk\u00f3w. Czasami jej si\u0119 jednak wydaje, \u017ce najwi\u0119cej do powiedzenia ma ich cudowny pies BOY. Na naszym blogu b\u0119dzie dzieli\u0107 si\u0119 z czytelnikami swoimi pomys\u0142ami i propozycjami dekoracyjnymi z kategorii DIY. Izabela zapraszam Wszystkich do tw\u00f3rczej pracy i zmiany. Je\u015bli chcesz zapyta\u0107 naszego eksperta o rad\u0119, wy\u015blij wiadomo\u015b\u0107 w poni\u017cszym formularzu.\",\"url\":\"https:\\\/\\\/www.eurofirany.com.pl\\\/blog\\\/author\\\/izabela-konior-diy\"}]}<\/script>\n<!-- \/ Yoast SEO plugin. -->","yoast_head_json":{"title":"Ogr\u00f3d w szkle \u2013 jak zrobi\u0107 i jak o niego dba\u0107? - E-blog by Eurofirany","description":"Jak zrobi\u0107 ogr\u00f3d w szkle? Zobacz jak przygotowa\u0107 piekn\u0105 dekoracj\u0119 - ogr\u00f3d w szkle, kt\u00f3ry zachwyci wszystkich. Zobacz jak go wykona\u0107 i jak o niego zadba\u0107.","robots":{"index":"index","follow":"follow","max-snippet":"max-snippet:-1","max-image-preview":"max-image-preview:large","max-video-preview":"max-video-preview:-1"},"canonical":"https:\/\/www.eurofirany.com.pl\/blog\/ogrod-w-szkle-jak-zrobic-i-jak-o-niego-dbac","og_locale":"pl_PL","og_type":"article","og_title":"Ogr\u00f3d w szkle \u2013 jak zrobi\u0107 i jak o niego dba\u0107? - E-blog by Eurofirany","og_description":"Jak zrobi\u0107 ogr\u00f3d w szkle? Zobacz jak przygotowa\u0107 piekn\u0105 dekoracj\u0119 - ogr\u00f3d w szkle, kt\u00f3ry zachwyci wszystkich. Zobacz jak go wykona\u0107 i jak o niego zadba\u0107.","og_url":"https:\/\/www.eurofirany.com.pl\/blog\/ogrod-w-szkle-jak-zrobic-i-jak-o-niego-dbac","og_site_name":"E-blog by Eurofirany","article_published_time":"2022-11-08T07:00:52+00:00","og_image":[{"width":1500,"height":1000,"url":"https:\/\/www.eurofirany.com.pl\/blog\/wp-content\/uploads\/2022\/11\/2_ogrod.jpg","type":"image\/jpeg"}],"author":"Izabela Konior - DIY","twitter_card":"summary_large_image","twitter_misc":{"Napisane przez":"Izabela Konior - DIY","Szacowany czas czytania":"6 minut"},"schema":{"@context":"https:\/\/schema.org","@graph":[{"@type":"Article","@id":"https:\/\/www.eurofirany.com.pl\/blog\/ogrod-w-szkle-jak-zrobic-i-jak-o-niego-dbac#article","isPartOf":{"@id":"https:\/\/www.eurofirany.com.pl\/blog\/ogrod-w-szkle-jak-zrobic-i-jak-o-niego-dbac"},"author":{"name":"Izabela Konior - DIY","@id":"https:\/\/www.eurofirany.com.pl\/blog\/#\/schema\/person\/5f98aaa67c3937a5ee9e5bdd5fbc8177"},"headline":"Ogr\u00f3d w szkle \u2013 jak zrobi\u0107 i jak o niego dba\u0107?","datePublished":"2022-11-08T07:00:52+00:00","mainEntityOfPage":{"@id":"https:\/\/www.eurofirany.com.pl\/blog\/ogrod-w-szkle-jak-zrobic-i-jak-o-niego-dbac"},"wordCount":1174,"commentCount":1,"publisher":{"@id":"https:\/\/www.eurofirany.com.pl\/blog\/#organization"},"image":{"@id":"https:\/\/www.eurofirany.com.pl\/blog\/ogrod-w-szkle-jak-zrobic-i-jak-o-niego-dbac#primaryimage"},"thumbnailUrl":"https:\/\/www.eurofirany.com.pl\/blog\/wp-content\/uploads\/2022\/11\/2_ogrod.jpg","articleSection":["DIY"],"inLanguage":"pl-PL","potentialAction":[{"@type":"CommentAction","name":"Comment","target":["https:\/\/www.eurofirany.com.pl\/blog\/ogrod-w-szkle-jak-zrobic-i-jak-o-niego-dbac#respond"]}]},{"@type":"WebPage","@id":"https:\/\/www.eurofirany.com.pl\/blog\/ogrod-w-szkle-jak-zrobic-i-jak-o-niego-dbac","url":"https:\/\/www.eurofirany.com.pl\/blog\/ogrod-w-szkle-jak-zrobic-i-jak-o-niego-dbac","name":"Ogr\u00f3d w szkle \u2013 jak zrobi\u0107 i jak o niego dba\u0107? - E-blog by Eurofirany","isPartOf":{"@id":"https:\/\/www.eurofirany.com.pl\/blog\/#website"},"primaryImageOfPage":{"@id":"https:\/\/www.eurofirany.com.pl\/blog\/ogrod-w-szkle-jak-zrobic-i-jak-o-niego-dbac#primaryimage"},"image":{"@id":"https:\/\/www.eurofirany.com.pl\/blog\/ogrod-w-szkle-jak-zrobic-i-jak-o-niego-dbac#primaryimage"},"thumbnailUrl":"https:\/\/www.eurofirany.com.pl\/blog\/wp-content\/uploads\/2022\/11\/2_ogrod.jpg","datePublished":"2022-11-08T07:00:52+00:00","description":"Jak zrobi\u0107 ogr\u00f3d w szkle? Zobacz jak przygotowa\u0107 piekn\u0105 dekoracj\u0119 - ogr\u00f3d w szkle, kt\u00f3ry zachwyci wszystkich. Zobacz jak go wykona\u0107 i jak o niego zadba\u0107.","breadcrumb":{"@id":"https:\/\/www.eurofirany.com.pl\/blog\/ogrod-w-szkle-jak-zrobic-i-jak-o-niego-dbac#breadcrumb"},"inLanguage":"pl-PL","potentialAction":[{"@type":"ReadAction","target":["https:\/\/www.eurofirany.com.pl\/blog\/ogrod-w-szkle-jak-zrobic-i-jak-o-niego-dbac"]}]},{"@type":"ImageObject","inLanguage":"pl-PL","@id":"https:\/\/www.eurofirany.com.pl\/blog\/ogrod-w-szkle-jak-zrobic-i-jak-o-niego-dbac#primaryimage","url":"https:\/\/www.eurofirany.com.pl\/blog\/wp-content\/uploads\/2022\/11\/2_ogrod.jpg","contentUrl":"https:\/\/www.eurofirany.com.pl\/blog\/wp-content\/uploads\/2022\/11\/2_ogrod.jpg","width":1500,"height":1000,"caption":"jak zrobi\u0107 ogr\u00f3d w szkle"},{"@type":"BreadcrumbList","@id":"https:\/\/www.eurofirany.com.pl\/blog\/ogrod-w-szkle-jak-zrobic-i-jak-o-niego-dbac#breadcrumb","itemListElement":[{"@type":"ListItem","position":1,"name":"Strona g\u0142\u00f3wna","item":"https:\/\/www.eurofirany.com.pl\/blog"},{"@type":"ListItem","position":2,"name":"Ogr\u00f3d w szkle \u2013 jak zrobi\u0107 i jak o niego dba\u0107?"}]},{"@type":"WebSite","@id":"https:\/\/www.eurofirany.com.pl\/blog\/#website","url":"https:\/\/www.eurofirany.com.pl\/blog\/","name":"E-blog by Eurofirany","description":"","publisher":{"@id":"https:\/\/www.eurofirany.com.pl\/blog\/#organization"},"potentialAction":[{"@type":"SearchAction","target":{"@type":"EntryPoint","urlTemplate":"https:\/\/www.eurofirany.com.pl\/blog\/?s={search_term_string}"},"query-input":{"@type":"PropertyValueSpecification","valueRequired":true,"valueName":"search_term_string"}}],"inLanguage":"pl-PL"},{"@type":"Organization","@id":"https:\/\/www.eurofirany.com.pl\/blog\/#organization","name":"Eurofirany","url":"https:\/\/www.eurofirany.com.pl\/blog\/","logo":{"@type":"ImageObject","inLanguage":"pl-PL","@id":"https:\/\/www.eurofirany.com.pl\/blog\/#\/schema\/logo\/image\/","url":"https:\/\/www.eurofirany.com.pl\/blog\/wp-content\/uploads\/2017\/07\/logo.png","contentUrl":"https:\/\/www.eurofirany.com.pl\/blog\/wp-content\/uploads\/2017\/07\/logo.png","width":428,"height":201,"caption":"Eurofirany"},"image":{"@id":"https:\/\/www.eurofirany.com.pl\/blog\/#\/schema\/logo\/image\/"}},{"@type":"Person","@id":"https:\/\/www.eurofirany.com.pl\/blog\/#\/schema\/person\/5f98aaa67c3937a5ee9e5bdd5fbc8177","name":"Izabela Konior - DIY","image":{"@type":"ImageObject","inLanguage":"pl-PL","@id":"https:\/\/secure.gravatar.com\/avatar\/9286504448f2a8e7e8c7785d3b587b3331b2f3856f19dfd504f4e7605a6c77dd?s=96&d=mm&r=g","url":"https:\/\/secure.gravatar.com\/avatar\/9286504448f2a8e7e8c7785d3b587b3331b2f3856f19dfd504f4e7605a6c77dd?s=96&d=mm&r=g","contentUrl":"https:\/\/secure.gravatar.com\/avatar\/9286504448f2a8e7e8c7785d3b587b3331b2f3856f19dfd504f4e7605a6c77dd?s=96&d=mm&r=g","caption":"Izabela Konior - DIY"},"description":"Firanka, kwiatek, m\u0142otek, sznurek czy kawa\u0142ek tkaniny w jej r\u0119kach nabieraj\u0105 nowego znaczenia. Z niczego potrafi wyczarowa\u0107\u2026zawsze wielkie CO\u015a! Do tworzenia potrzebuje wyobra\u017ani, natchnienia i\u2026 przedmiot\u00f3w, kt\u00f3re akurat s\u0105 w zasi\u0119gu jej r\u0119ki. Nie ma znaczenia jakie produkty wykorzysta, na koniec i tak dostajemy zaskakuj\u0105cy i inspiruj\u0105cy pomys\u0142. Jej najwi\u0119kszymi fanami i pomocnikami s\u0105 dzieci: Julka i Kacper. Czas wolny sp\u0119dza z najbli\u017cszym, uwielbia teatr, wieczorne spacery i jazd\u0119 na rowerze. Prywatnie szcz\u0119\u015bliwa \u017cona i mama dw\u00f3jki nastolatk\u00f3w. Czasami jej si\u0119 jednak wydaje, \u017ce najwi\u0119cej do powiedzenia ma ich cudowny pies BOY. Na naszym blogu b\u0119dzie dzieli\u0107 si\u0119 z czytelnikami swoimi pomys\u0142ami i propozycjami dekoracyjnymi z kategorii DIY. Izabela zapraszam Wszystkich do tw\u00f3rczej pracy i zmiany. Je\u015bli chcesz zapyta\u0107 naszego eksperta o rad\u0119, wy\u015blij wiadomo\u015b\u0107 w poni\u017cszym formularzu.","url":"https:\/\/www.eurofirany.com.pl\/blog\/author\/izabela-konior-diy"}]}},"_links":{"self":[{"href":"https:\/\/www.eurofirany.com.pl\/blog\/wp-json\/wp\/v2\/posts\/13796","targetHints":{"allow":["GET"]}}],"collection":[{"href":"https:\/\/www.eurofirany.com.pl\/blog\/wp-json\/wp\/v2\/posts"}],"about":[{"href":"https:\/\/www.eurofirany.com.pl\/blog\/wp-json\/wp\/v2\/types\/post"}],"author":[{"embeddable":true,"href":"https:\/\/www.eurofirany.com.pl\/blog\/wp-json\/wp\/v2\/users\/12"}],"replies":[{"embeddable":true,"href":"https:\/\/www.eurofirany.com.pl\/blog\/wp-json\/wp\/v2\/comments?post=13796"}],"version-history":[{"count":2,"href":"https:\/\/www.eurofirany.com.pl\/blog\/wp-json\/wp\/v2\/posts\/13796\/revisions"}],"predecessor-version":[{"id":13805,"href":"https:\/\/www.eurofirany.com.pl\/blog\/wp-json\/wp\/v2\/posts\/13796\/revisions\/13805"}],"wp:featuredmedia":[{"embeddable":true,"href":"https:\/\/www.eurofirany.com.pl\/blog\/wp-json\/wp\/v2\/media\/13802"}],"wp:attachment":[{"href":"https:\/\/www.eurofirany.com.pl\/blog\/wp-json\/wp\/v2\/media?parent=13796"}],"wp:term":[{"taxonomy":"category","embeddable":true,"href":"https:\/\/www.eurofirany.com.pl\/blog\/wp-json\/wp\/v2\/categories?post=13796"},{"taxonomy":"post_tag","embeddable":true,"href":"https:\/\/www.eurofirany.com.pl\/blog\/wp-json\/wp\/v2\/tags?post=13796"}],"curies":[{"name":"wp","href":"https:\/\/api.w.org\/{rel}","templated":true}]}}