{"id":14471,"date":"2023-04-01T17:26:56","date_gmt":"2023-04-01T15:26:56","guid":{"rendered":"https:\/\/www.eurofirany.com.pl\/blog\/?p=14471"},"modified":"2023-04-01T17:29:00","modified_gmt":"2023-04-01T15:29:00","slug":"jak-zrobic-stroik-wielkanocny","status":"publish","type":"post","link":"https:\/\/www.eurofirany.com.pl\/blog\/jak-zrobic-stroik-wielkanocny","title":{"rendered":"Jak zrobi\u0107 stroik wielkanocny?"},"content":{"rendered":"<span class=\"span-reading-time rt-reading-time\" style=\"display: block;\"><span class=\"rt-label rt-prefix\">Czas czytania: <\/span> <span class=\"rt-time\"> 3<\/span> <span class=\"rt-label rt-postfix\">minuty<\/span><\/span><p style=\"text-align: justify;\"><strong>Rozpoczynamy ostatni tydzie\u0144 przygotowa\u0144 do Wielkiej Nocy. Wielu z nas ma za sob\u0105 ju\u017c przed\u015bwi\u0105teczne porz\u0105dki i zosta\u0142o ju\u017c tylko przygotowanie smako\u0142yk\u00f3w i przystrojenie domu na \u015bwi\u0119ta. Wielkanocne dekoracje maj\u0105 w sobie wiele uroku. W ko\u0144cu nie tylko wprowadzaj\u0105 do domu \u015bwi\u0105teczny nastr\u00f3j, ale tak\u017ce przywodz\u0105 na my\u015bl wiosenny, \u015bwie\u017cy klimat. Je\u015bli jeszcze nie wiesz, jak udekorowa\u0107 sw\u00f3j wielkanocny st\u00f3\u0142, przejrzyj dzisiejszy wpis. Przygotowa\u0142am dla was dzi\u015b kilka pomys\u0142\u00f3w na to, jak zrobi\u0107 stroik wielkanocny. <\/strong><!--more--><\/p>\n<div class=\"su-spacer\" style=\"height:20px\"><\/div>\n<div class=\"su-spacer\" style=\"height:20px\"><\/div>\n<h2>Jak zrobi\u0107 stroik wielkanocny?<\/h2>\n<p>W\u0142asnor\u0119cznie przygotowany stroik mo\u017ce wspaniale wzbogaci\u0107 \u015bwi\u0105teczny st\u00f3\u0142, udekorowa\u0107 komod\u0119 w salonie, a nawet zawisn\u0105\u0107 na drzwiach. Takie akcenty dodadz\u0105 wn\u0119trzu oryginalnego charakteru i wprowadz\u0105 nas w \u015bwi\u0105teczny klimat. Warto znale\u017a\u0107 chwil\u0119 na samodzielne przygotowanie dekoracji, gdy\u017c to daje naprawd\u0119 sporo satysfakcji. Mo\u017cecie wsp\u00f3lnie z rodzin\u0105 sp\u0119dzi\u0107 chwil\u0119 na takim kreatywnym zadaniu. Ja bardzo lubi\u0119 sp\u0119dza\u0107 tak czas z najbli\u017cszymi. Zobacz, jak zrobi\u0107 stroik wielkanocny samodzielnie. Najpopularniejszym sposobem na stworzenie \u015bwi\u0105tecznej dekoracji jest stworzenie wianuszka i po\u0142o\u017cenie go na stole b\u0105d\u017a powieszenie na drzwiach. Wielkanocny wianuszek mo\u017cesz uple\u015b\u0107 z ga\u0142\u0105zek i udekorowa\u0107 go wydmuszkami z jajek, kokardkami i drobnymi kwiatuszkami. To bardzo prosta i wdzi\u0119czna dekoracja, kt\u00f3r\u0105 mo\u017ce wykona\u0107 ka\u017cdy, a kt\u00f3ra pasuje do wszystkich wn\u0119trz. Ja mam dla was dzi\u015b jednak trzy bardziej oryginalne propozycje na wielkanocna dekoracj\u0119.<\/p>\n<div class=\"su-spacer\" style=\"height:20px\"><\/div>\n<p><img loading=\"lazy\" decoding=\"async\" class=\"alignleft size-full wp-image-14473\" src=\"https:\/\/www.eurofirany.com.pl\/blog\/wp-content\/uploads\/2023\/04\/600_WI_C_HETI_3WI_C_HETI_2WI_C_HETI_7_SERWIS_FIONA_A1-1.jpg\" alt=\"wielkanoc dekoracje\" width=\"1500\" height=\"1000\" \/><br \/>\n<div class=\"su-spacer\" style=\"height:20px\"><\/div>\n<h2>Stroik wielkanocny w skorupkach<\/h2>\n<h3>Czego potrzebujesz:<\/h3>\n<ul>\n<li>skorupki po jajkach<\/li>\n<li>farba w wybranym kolorze<\/li>\n<li>sizal lub sianko dekoracyjne<\/li>\n<li>kilka przepi\u00f3rczych jajeczek<\/li>\n<li>suszone kwiaty, bazie wierzbowe<\/li>\n<li>klej na gor\u0105co<\/li>\n<\/ul>\n<div class=\"su-spacer\" style=\"height:20px\"><\/div>\n<img loading=\"lazy\" decoding=\"async\" class=\"alignleft size-full wp-image-14475\" src=\"https:\/\/www.eurofirany.com.pl\/blog\/wp-content\/uploads\/2023\/04\/stroik_wielkanoc_2.jpg\" alt=\"Jak zrobi\u0107 stroik wielkanocny?\" width=\"1209\" height=\"1300\" \/><\/p>\n<div class=\"su-spacer\" style=\"height:20px\"><\/div>\n<h3>Jak zrobi\u0107 stroik wielkanocny ze skorupek jaj?<\/h3>\n<p>Przygotuj kilka skorupek z jaj w podobnych wielko\u015bciach. Mo\u017cesz pozostawi\u0107 je w naturalnym kolorze b\u0105d\u017a pomalowa\u0107 farb\u0105 o dowolnej barwie. Dopasuj kolorystyk\u0119 do swojej stylizacji wielkanocnego sto\u0142u. Tak przygotowane skorupki po\u0142\u0105cz ze sob\u0105 za pomoc\u0105 kleju na gor\u0105co, tworz\u0105c kszta\u0142t ma\u0142ego wianuszka. Po wyschni\u0119ciu skorupek wype\u0142nij je sizalem b\u0105d\u017a drobnym siankiem i udekoruj suszonymi kwiatami, ga\u0142\u0105zkami bazi wierzbowych. Do kilku skorupek mo\u017cesz w\u0142o\u017cy\u0107 dodatkowo malutkie, przepi\u00f3rcze jajeczka. W zale\u017cno\u015bci od wielko\u015bci na jak\u0105 si\u0119 zdecydujesz, do \u015brodka mo\u017cesz dodatkowo w\u0142o\u017cy\u0107 niewielk\u0105 \u015bwiec\u0119 w s\u0142oiczku b\u0105d\u017a wazon ze \u015bwie\u017cymi kwiatami. Taka dekoracja po\u0142o\u017cona na pi\u0119knym, <a href=\"https:\/\/www.eurofirany.com.pl\/sklep-online\/obrusy-nowoczesne-1408\" target=\"_blank\" rel=\"noopener\"><strong>eleganckim obrusie<\/strong><\/a> zaprezentuje si\u0119 bardzo efektownie i oryginalnie.<br \/>\n<div class=\"su-spacer\" style=\"height:20px\"><\/div>\n<div class=\"su-spacer\" style=\"height:20px\"><\/div>\n<h2>Stroik wielkanocny w pojemniku po jajkach<\/h2>\n<h3>Czego potrzebujesz:<\/h3>\n<ul>\n<li>papierowy pojemnik po jajkach<\/li>\n<li>wydmuszki jaj<\/li>\n<li>g\u0105bka florystyczna<\/li>\n<li>no\u017cyczki<\/li>\n<li>\u017cywe kwiaty (bratki, gips\u00f3wka)<\/li>\n<li>zielony mech<\/li>\n<li>cebulki hiacynt\u00f3w<\/li>\n<\/ul>\n<div class=\"su-spacer\" style=\"height:20px\"><\/div>\n<p><img loading=\"lazy\" decoding=\"async\" class=\"alignleft size-full wp-image-14476\" src=\"https:\/\/www.eurofirany.com.pl\/blog\/wp-content\/uploads\/2023\/04\/stroik_wielkanoc_3.jpg\" alt=\"Jak zrobi\u0107 stroik wielkanocny?\" width=\"1176\" height=\"1000\" \/><\/p>\n<div class=\"su-spacer\" style=\"height:20px\"><\/div>\n<h3>Jak zrobi\u0107 stroik wielkanocny w pojemniku po jajkach?<\/h3>\n<p>G\u0105bk\u0119 florystyczn\u0105 potnij na ma\u0142e kawa\u0142ki, namocz i umie\u015b\u0107 w kilku wydmuszkach. Do kilku powbijaj kolorowe bratki, do kilka zielonych mech. W niekt\u00f3re otworki wydmuszek mo\u017cesz w\u0142o\u017cy\u0107 ga\u0142\u0105zki gips\u00f3wki. U\u0142\u00f3\u017c wydmuszki w papierowym pojemniku po jajkach. Je\u015bli zostan\u0105 ci puste miejsca powk\u0142adaj w niej cebulki hiacynt\u00f3w. Wielko\u015b\u0107 tej dekoracji dostosuj do wielko\u015bci swojego sto\u0142u. Wed\u0142ug mnie naj\u0142adniej zaprezentuje si\u0119 kompozycja stworzona w pojemniku na 15 sztuk jajek. Mo\u017cesz dowolnie przyci\u0105\u0107 du\u017ce opakowanie z jajek nadaj\u0105c mu po\u017c\u0105dan\u0105 wielko\u015b\u0107 i kszta\u0142t. Taki stroik z zywymi kwiatami wprowadzi do wn\u0119trza powiew wiosny.<br \/>\n<div class=\"su-spacer\" style=\"height:20px\"><\/div>\n<div class=\"su-spacer\" style=\"height:20px\"><\/div>\n<h2>Stroik wielkanocny w koszyczku?<\/h2>\n<h3>Czego potrzebujesz:<\/h3>\n<ul>\n<li>niewielki koszyczek<\/li>\n<li>g\u0105bka florystyczna<\/li>\n<li>sianko dekoracyjne<\/li>\n<li>kwiaty \u017cywe lub sztuczne<\/li>\n<li>gips\u00f3wka<\/li>\n<\/ul>\n<div class=\"su-spacer\" style=\"height:20px\"><\/div>\n<p><img loading=\"lazy\" decoding=\"async\" class=\"alignleft size-full wp-image-14474\" src=\"https:\/\/www.eurofirany.com.pl\/blog\/wp-content\/uploads\/2023\/04\/stroik_wielkanoc_1.jpg\" alt=\"Jak zrobi\u0107 stroik wielkanocny?\" width=\"930\" height=\"1000\" \/><\/p>\n<div class=\"su-spacer\" style=\"height:20px\"><\/div>\n<h3>Jak zrobi\u0107 stroik wielkanocny w koszyczku?<\/h3>\n<p>To bardzo szybki i prosty spos\u00f3b na pi\u0119kn\u0105, \u015bwi\u0105teczna dekoracj\u0119 sto\u0142u. Wystarczy, \u017ce namoczysz g\u0105bk\u0119 (je\u015bli chcesz u\u017cy\u0107 \u015bwie\u017cych kwiat\u00f3w) i umie\u015bcisz j\u0105 w koszyczku. Nast\u0119pnie nakryj j\u0105 siankiem. Teraz wybierz kilka wi\u0119kszych kwiat\u00f3w o pe\u0142nych g\u0142\u00f3wkach i wbij do g\u0105bki pod skosem. Powsta\u0142y bukiecik wype\u0142nij ga\u0142\u0105zkami i gips\u00f3wk\u0105. W takiej dekoracji sprawdz\u0105 si\u0119 zar\u00f3wno \u017cywe, jak i <a href=\"https:\/\/www.eurofirany.com.pl\/sklep-online\/kwiaty-257\" target=\"_blank\" rel=\"noopener\"><strong>sztuczne kwiaty<\/strong><\/a>. Ozdoba b\u0119dzie przypomina\u0107 urokliwe gniazdko. Obok niej na wielkanocnym stole mo\u017cesz postawi\u0107 <a href=\"https:\/\/www.eurofirany.com.pl\/sklep-online\/figurki-dekoracyjne-267\" target=\"_blank\" rel=\"noopener\"><strong>ceramiczne figurki dekoracyjne<\/strong><\/a>, aby stworzy\u0107 efektown\u0105, stylow\u0105 dekoracj\u0119 \u015bwi\u0105tecznego sto\u0142u.<\/p>\n<p>&nbsp;<\/p>\n<p><strong>Zobacz tak\u017ce:\u00a0<\/strong><\/p>\n<p><a href=\"https:\/\/www.eurofirany.com.pl\/blog\/jak-nakryc-stol-na-wielkanoc\" target=\"_blank\" rel=\"noopener\">Jak nakry\u0107 st\u00f3\u0142 na Wielkanoc?<\/a><\/p>\n","protected":false},"excerpt":{"rendered":"<p><span class=\"span-reading-time rt-reading-time\" style=\"display: block;\"><span class=\"rt-label rt-prefix\">Czas czytania: <\/span> <span class=\"rt-time\"> 3<\/span> <span class=\"rt-label rt-postfix\">minuty<\/span><\/span>Rozpoczynamy ostatni tydzie\u0144 przygotowa\u0144 do Wielkiej Nocy. Wielu z nas ma za sob\u0105 ju\u017c przed\u015bwi\u0105teczne porz\u0105dki i zosta\u0142o ju\u017c tylko przygotowanie smako\u0142yk\u00f3w i przystrojenie domu na \u015bwi\u0119ta. Wielkanocne dekoracje maj\u0105 w sobie wiele uroku. W ko\u0144cu nie tylko wprowadzaj\u0105 do [&hellip;]<\/p>\n","protected":false},"author":12,"featured_media":14477,"comment_status":"open","ping_status":"open","sticky":false,"template":"","format":"standard","meta":{"footnotes":""},"categories":[185],"tags":[],"class_list":["post-14471","post","type-post","status-publish","format-standard","has-post-thumbnail","hentry","category-diy"],"yoast_head":"<!-- This site is optimized with the Yoast SEO plugin v27.3 - https:\/\/yoast.com\/product\/yoast-seo-wordpress\/ -->\n<title>Jak zrobi\u0107 stroik wielkanocny? - E-blog by Eurofirany<\/title>\n<meta name=\"description\" content=\"Jak zrobi\u0107 stroik wielkanocny, na st\u00f3\u0142, w doniczce, w szkle. Pomys\u0142y na oryginalny, efektowny stroik wielkanocny - Eurofirany\" \/>\n<meta name=\"robots\" content=\"index, follow, max-snippet:-1, max-image-preview:large, max-video-preview:-1\" \/>\n<link rel=\"canonical\" href=\"https:\/\/www.eurofirany.com.pl\/blog\/jak-zrobic-stroik-wielkanocny\" \/>\n<meta property=\"og:locale\" content=\"pl_PL\" \/>\n<meta property=\"og:type\" content=\"article\" \/>\n<meta property=\"og:title\" content=\"Jak zrobi\u0107 stroik wielkanocny? - E-blog by Eurofirany\" \/>\n<meta property=\"og:description\" content=\"Jak zrobi\u0107 stroik wielkanocny, na st\u00f3\u0142, w doniczce, w szkle. Pomys\u0142y na oryginalny, efektowny stroik wielkanocny - Eurofirany\" \/>\n<meta property=\"og:url\" content=\"https:\/\/www.eurofirany.com.pl\/blog\/jak-zrobic-stroik-wielkanocny\" \/>\n<meta property=\"og:site_name\" content=\"E-blog by Eurofirany\" \/>\n<meta property=\"article:published_time\" content=\"2023-04-01T15:26:56+00:00\" \/>\n<meta property=\"article:modified_time\" content=\"2023-04-01T15:29:00+00:00\" \/>\n<meta property=\"og:image\" content=\"https:\/\/www.eurofirany.com.pl\/blog\/wp-content\/uploads\/2023\/04\/wieniec_wielkanoc.jpg\" \/>\n\t<meta property=\"og:image:width\" content=\"1490\" \/>\n\t<meta property=\"og:image:height\" content=\"1000\" \/>\n\t<meta property=\"og:image:type\" content=\"image\/jpeg\" \/>\n<meta name=\"author\" content=\"Izabela Konior - DIY\" \/>\n<meta name=\"twitter:card\" content=\"summary_large_image\" \/>\n<meta name=\"twitter:label1\" content=\"Napisane przez\" \/>\n\t<meta name=\"twitter:data1\" content=\"Izabela Konior - DIY\" \/>\n\t<meta name=\"twitter:label2\" content=\"Szacowany czas czytania\" \/>\n\t<meta name=\"twitter:data2\" content=\"4 minuty\" \/>\n<script type=\"application\/ld+json\" class=\"yoast-schema-graph\">{\"@context\":\"https:\\\/\\\/schema.org\",\"@graph\":[{\"@type\":\"Article\",\"@id\":\"https:\\\/\\\/www.eurofirany.com.pl\\\/blog\\\/jak-zrobic-stroik-wielkanocny#article\",\"isPartOf\":{\"@id\":\"https:\\\/\\\/www.eurofirany.com.pl\\\/blog\\\/jak-zrobic-stroik-wielkanocny\"},\"author\":{\"name\":\"Izabela Konior - DIY\",\"@id\":\"https:\\\/\\\/www.eurofirany.com.pl\\\/blog\\\/#\\\/schema\\\/person\\\/5f98aaa67c3937a5ee9e5bdd5fbc8177\"},\"headline\":\"Jak zrobi\u0107 stroik wielkanocny?\",\"datePublished\":\"2023-04-01T15:26:56+00:00\",\"dateModified\":\"2023-04-01T15:29:00+00:00\",\"mainEntityOfPage\":{\"@id\":\"https:\\\/\\\/www.eurofirany.com.pl\\\/blog\\\/jak-zrobic-stroik-wielkanocny\"},\"wordCount\":736,\"commentCount\":0,\"publisher\":{\"@id\":\"https:\\\/\\\/www.eurofirany.com.pl\\\/blog\\\/#organization\"},\"image\":{\"@id\":\"https:\\\/\\\/www.eurofirany.com.pl\\\/blog\\\/jak-zrobic-stroik-wielkanocny#primaryimage\"},\"thumbnailUrl\":\"https:\\\/\\\/www.eurofirany.com.pl\\\/blog\\\/wp-content\\\/uploads\\\/2023\\\/04\\\/wieniec_wielkanoc.jpg\",\"articleSection\":[\"DIY\"],\"inLanguage\":\"pl-PL\",\"potentialAction\":[{\"@type\":\"CommentAction\",\"name\":\"Comment\",\"target\":[\"https:\\\/\\\/www.eurofirany.com.pl\\\/blog\\\/jak-zrobic-stroik-wielkanocny#respond\"]}]},{\"@type\":\"WebPage\",\"@id\":\"https:\\\/\\\/www.eurofirany.com.pl\\\/blog\\\/jak-zrobic-stroik-wielkanocny\",\"url\":\"https:\\\/\\\/www.eurofirany.com.pl\\\/blog\\\/jak-zrobic-stroik-wielkanocny\",\"name\":\"Jak zrobi\u0107 stroik wielkanocny? - E-blog by Eurofirany\",\"isPartOf\":{\"@id\":\"https:\\\/\\\/www.eurofirany.com.pl\\\/blog\\\/#website\"},\"primaryImageOfPage\":{\"@id\":\"https:\\\/\\\/www.eurofirany.com.pl\\\/blog\\\/jak-zrobic-stroik-wielkanocny#primaryimage\"},\"image\":{\"@id\":\"https:\\\/\\\/www.eurofirany.com.pl\\\/blog\\\/jak-zrobic-stroik-wielkanocny#primaryimage\"},\"thumbnailUrl\":\"https:\\\/\\\/www.eurofirany.com.pl\\\/blog\\\/wp-content\\\/uploads\\\/2023\\\/04\\\/wieniec_wielkanoc.jpg\",\"datePublished\":\"2023-04-01T15:26:56+00:00\",\"dateModified\":\"2023-04-01T15:29:00+00:00\",\"description\":\"Jak zrobi\u0107 stroik wielkanocny, na st\u00f3\u0142, w doniczce, w szkle. Pomys\u0142y na oryginalny, efektowny stroik wielkanocny - Eurofirany\",\"breadcrumb\":{\"@id\":\"https:\\\/\\\/www.eurofirany.com.pl\\\/blog\\\/jak-zrobic-stroik-wielkanocny#breadcrumb\"},\"inLanguage\":\"pl-PL\",\"potentialAction\":[{\"@type\":\"ReadAction\",\"target\":[\"https:\\\/\\\/www.eurofirany.com.pl\\\/blog\\\/jak-zrobic-stroik-wielkanocny\"]}]},{\"@type\":\"ImageObject\",\"inLanguage\":\"pl-PL\",\"@id\":\"https:\\\/\\\/www.eurofirany.com.pl\\\/blog\\\/jak-zrobic-stroik-wielkanocny#primaryimage\",\"url\":\"https:\\\/\\\/www.eurofirany.com.pl\\\/blog\\\/wp-content\\\/uploads\\\/2023\\\/04\\\/wieniec_wielkanoc.jpg\",\"contentUrl\":\"https:\\\/\\\/www.eurofirany.com.pl\\\/blog\\\/wp-content\\\/uploads\\\/2023\\\/04\\\/wieniec_wielkanoc.jpg\",\"width\":1490,\"height\":1000,\"caption\":\"wieniec wielkanocny\"},{\"@type\":\"BreadcrumbList\",\"@id\":\"https:\\\/\\\/www.eurofirany.com.pl\\\/blog\\\/jak-zrobic-stroik-wielkanocny#breadcrumb\",\"itemListElement\":[{\"@type\":\"ListItem\",\"position\":1,\"name\":\"Strona g\u0142\u00f3wna\",\"item\":\"https:\\\/\\\/www.eurofirany.com.pl\\\/blog\"},{\"@type\":\"ListItem\",\"position\":2,\"name\":\"Jak zrobi\u0107 stroik wielkanocny?\"}]},{\"@type\":\"WebSite\",\"@id\":\"https:\\\/\\\/www.eurofirany.com.pl\\\/blog\\\/#website\",\"url\":\"https:\\\/\\\/www.eurofirany.com.pl\\\/blog\\\/\",\"name\":\"E-blog by Eurofirany\",\"description\":\"\",\"publisher\":{\"@id\":\"https:\\\/\\\/www.eurofirany.com.pl\\\/blog\\\/#organization\"},\"potentialAction\":[{\"@type\":\"SearchAction\",\"target\":{\"@type\":\"EntryPoint\",\"urlTemplate\":\"https:\\\/\\\/www.eurofirany.com.pl\\\/blog\\\/?s={search_term_string}\"},\"query-input\":{\"@type\":\"PropertyValueSpecification\",\"valueRequired\":true,\"valueName\":\"search_term_string\"}}],\"inLanguage\":\"pl-PL\"},{\"@type\":\"Organization\",\"@id\":\"https:\\\/\\\/www.eurofirany.com.pl\\\/blog\\\/#organization\",\"name\":\"Eurofirany\",\"url\":\"https:\\\/\\\/www.eurofirany.com.pl\\\/blog\\\/\",\"logo\":{\"@type\":\"ImageObject\",\"inLanguage\":\"pl-PL\",\"@id\":\"https:\\\/\\\/www.eurofirany.com.pl\\\/blog\\\/#\\\/schema\\\/logo\\\/image\\\/\",\"url\":\"https:\\\/\\\/www.eurofirany.com.pl\\\/blog\\\/wp-content\\\/uploads\\\/2017\\\/07\\\/logo.png\",\"contentUrl\":\"https:\\\/\\\/www.eurofirany.com.pl\\\/blog\\\/wp-content\\\/uploads\\\/2017\\\/07\\\/logo.png\",\"width\":428,\"height\":201,\"caption\":\"Eurofirany\"},\"image\":{\"@id\":\"https:\\\/\\\/www.eurofirany.com.pl\\\/blog\\\/#\\\/schema\\\/logo\\\/image\\\/\"}},{\"@type\":\"Person\",\"@id\":\"https:\\\/\\\/www.eurofirany.com.pl\\\/blog\\\/#\\\/schema\\\/person\\\/5f98aaa67c3937a5ee9e5bdd5fbc8177\",\"name\":\"Izabela Konior - DIY\",\"image\":{\"@type\":\"ImageObject\",\"inLanguage\":\"pl-PL\",\"@id\":\"https:\\\/\\\/secure.gravatar.com\\\/avatar\\\/9286504448f2a8e7e8c7785d3b587b3331b2f3856f19dfd504f4e7605a6c77dd?s=96&d=mm&r=g\",\"url\":\"https:\\\/\\\/secure.gravatar.com\\\/avatar\\\/9286504448f2a8e7e8c7785d3b587b3331b2f3856f19dfd504f4e7605a6c77dd?s=96&d=mm&r=g\",\"contentUrl\":\"https:\\\/\\\/secure.gravatar.com\\\/avatar\\\/9286504448f2a8e7e8c7785d3b587b3331b2f3856f19dfd504f4e7605a6c77dd?s=96&d=mm&r=g\",\"caption\":\"Izabela Konior - DIY\"},\"description\":\"Firanka, kwiatek, m\u0142otek, sznurek czy kawa\u0142ek tkaniny w jej r\u0119kach nabieraj\u0105 nowego znaczenia. Z niczego potrafi wyczarowa\u0107\u2026zawsze wielkie CO\u015a! Do tworzenia potrzebuje wyobra\u017ani, natchnienia i\u2026 przedmiot\u00f3w, kt\u00f3re akurat s\u0105 w zasi\u0119gu jej r\u0119ki. Nie ma znaczenia jakie produkty wykorzysta, na koniec i tak dostajemy zaskakuj\u0105cy i inspiruj\u0105cy pomys\u0142. Jej najwi\u0119kszymi fanami i pomocnikami s\u0105 dzieci: Julka i Kacper. Czas wolny sp\u0119dza z najbli\u017cszym, uwielbia teatr, wieczorne spacery i jazd\u0119 na rowerze. Prywatnie szcz\u0119\u015bliwa \u017cona i mama dw\u00f3jki nastolatk\u00f3w. Czasami jej si\u0119 jednak wydaje, \u017ce najwi\u0119cej do powiedzenia ma ich cudowny pies BOY. Na naszym blogu b\u0119dzie dzieli\u0107 si\u0119 z czytelnikami swoimi pomys\u0142ami i propozycjami dekoracyjnymi z kategorii DIY. Izabela zapraszam Wszystkich do tw\u00f3rczej pracy i zmiany. Je\u015bli chcesz zapyta\u0107 naszego eksperta o rad\u0119, wy\u015blij wiadomo\u015b\u0107 w poni\u017cszym formularzu.\",\"url\":\"https:\\\/\\\/www.eurofirany.com.pl\\\/blog\\\/author\\\/izabela-konior-diy\"}]}<\/script>\n<!-- \/ Yoast SEO plugin. -->","yoast_head_json":{"title":"Jak zrobi\u0107 stroik wielkanocny? - E-blog by Eurofirany","description":"Jak zrobi\u0107 stroik wielkanocny, na st\u00f3\u0142, w doniczce, w szkle. Pomys\u0142y na oryginalny, efektowny stroik wielkanocny - Eurofirany","robots":{"index":"index","follow":"follow","max-snippet":"max-snippet:-1","max-image-preview":"max-image-preview:large","max-video-preview":"max-video-preview:-1"},"canonical":"https:\/\/www.eurofirany.com.pl\/blog\/jak-zrobic-stroik-wielkanocny","og_locale":"pl_PL","og_type":"article","og_title":"Jak zrobi\u0107 stroik wielkanocny? - E-blog by Eurofirany","og_description":"Jak zrobi\u0107 stroik wielkanocny, na st\u00f3\u0142, w doniczce, w szkle. Pomys\u0142y na oryginalny, efektowny stroik wielkanocny - Eurofirany","og_url":"https:\/\/www.eurofirany.com.pl\/blog\/jak-zrobic-stroik-wielkanocny","og_site_name":"E-blog by Eurofirany","article_published_time":"2023-04-01T15:26:56+00:00","article_modified_time":"2023-04-01T15:29:00+00:00","og_image":[{"width":1490,"height":1000,"url":"https:\/\/www.eurofirany.com.pl\/blog\/wp-content\/uploads\/2023\/04\/wieniec_wielkanoc.jpg","type":"image\/jpeg"}],"author":"Izabela Konior - DIY","twitter_card":"summary_large_image","twitter_misc":{"Napisane przez":"Izabela Konior - DIY","Szacowany czas czytania":"4 minuty"},"schema":{"@context":"https:\/\/schema.org","@graph":[{"@type":"Article","@id":"https:\/\/www.eurofirany.com.pl\/blog\/jak-zrobic-stroik-wielkanocny#article","isPartOf":{"@id":"https:\/\/www.eurofirany.com.pl\/blog\/jak-zrobic-stroik-wielkanocny"},"author":{"name":"Izabela Konior - DIY","@id":"https:\/\/www.eurofirany.com.pl\/blog\/#\/schema\/person\/5f98aaa67c3937a5ee9e5bdd5fbc8177"},"headline":"Jak zrobi\u0107 stroik wielkanocny?","datePublished":"2023-04-01T15:26:56+00:00","dateModified":"2023-04-01T15:29:00+00:00","mainEntityOfPage":{"@id":"https:\/\/www.eurofirany.com.pl\/blog\/jak-zrobic-stroik-wielkanocny"},"wordCount":736,"commentCount":0,"publisher":{"@id":"https:\/\/www.eurofirany.com.pl\/blog\/#organization"},"image":{"@id":"https:\/\/www.eurofirany.com.pl\/blog\/jak-zrobic-stroik-wielkanocny#primaryimage"},"thumbnailUrl":"https:\/\/www.eurofirany.com.pl\/blog\/wp-content\/uploads\/2023\/04\/wieniec_wielkanoc.jpg","articleSection":["DIY"],"inLanguage":"pl-PL","potentialAction":[{"@type":"CommentAction","name":"Comment","target":["https:\/\/www.eurofirany.com.pl\/blog\/jak-zrobic-stroik-wielkanocny#respond"]}]},{"@type":"WebPage","@id":"https:\/\/www.eurofirany.com.pl\/blog\/jak-zrobic-stroik-wielkanocny","url":"https:\/\/www.eurofirany.com.pl\/blog\/jak-zrobic-stroik-wielkanocny","name":"Jak zrobi\u0107 stroik wielkanocny? - E-blog by Eurofirany","isPartOf":{"@id":"https:\/\/www.eurofirany.com.pl\/blog\/#website"},"primaryImageOfPage":{"@id":"https:\/\/www.eurofirany.com.pl\/blog\/jak-zrobic-stroik-wielkanocny#primaryimage"},"image":{"@id":"https:\/\/www.eurofirany.com.pl\/blog\/jak-zrobic-stroik-wielkanocny#primaryimage"},"thumbnailUrl":"https:\/\/www.eurofirany.com.pl\/blog\/wp-content\/uploads\/2023\/04\/wieniec_wielkanoc.jpg","datePublished":"2023-04-01T15:26:56+00:00","dateModified":"2023-04-01T15:29:00+00:00","description":"Jak zrobi\u0107 stroik wielkanocny, na st\u00f3\u0142, w doniczce, w szkle. Pomys\u0142y na oryginalny, efektowny stroik wielkanocny - Eurofirany","breadcrumb":{"@id":"https:\/\/www.eurofirany.com.pl\/blog\/jak-zrobic-stroik-wielkanocny#breadcrumb"},"inLanguage":"pl-PL","potentialAction":[{"@type":"ReadAction","target":["https:\/\/www.eurofirany.com.pl\/blog\/jak-zrobic-stroik-wielkanocny"]}]},{"@type":"ImageObject","inLanguage":"pl-PL","@id":"https:\/\/www.eurofirany.com.pl\/blog\/jak-zrobic-stroik-wielkanocny#primaryimage","url":"https:\/\/www.eurofirany.com.pl\/blog\/wp-content\/uploads\/2023\/04\/wieniec_wielkanoc.jpg","contentUrl":"https:\/\/www.eurofirany.com.pl\/blog\/wp-content\/uploads\/2023\/04\/wieniec_wielkanoc.jpg","width":1490,"height":1000,"caption":"wieniec wielkanocny"},{"@type":"BreadcrumbList","@id":"https:\/\/www.eurofirany.com.pl\/blog\/jak-zrobic-stroik-wielkanocny#breadcrumb","itemListElement":[{"@type":"ListItem","position":1,"name":"Strona g\u0142\u00f3wna","item":"https:\/\/www.eurofirany.com.pl\/blog"},{"@type":"ListItem","position":2,"name":"Jak zrobi\u0107 stroik wielkanocny?"}]},{"@type":"WebSite","@id":"https:\/\/www.eurofirany.com.pl\/blog\/#website","url":"https:\/\/www.eurofirany.com.pl\/blog\/","name":"E-blog by Eurofirany","description":"","publisher":{"@id":"https:\/\/www.eurofirany.com.pl\/blog\/#organization"},"potentialAction":[{"@type":"SearchAction","target":{"@type":"EntryPoint","urlTemplate":"https:\/\/www.eurofirany.com.pl\/blog\/?s={search_term_string}"},"query-input":{"@type":"PropertyValueSpecification","valueRequired":true,"valueName":"search_term_string"}}],"inLanguage":"pl-PL"},{"@type":"Organization","@id":"https:\/\/www.eurofirany.com.pl\/blog\/#organization","name":"Eurofirany","url":"https:\/\/www.eurofirany.com.pl\/blog\/","logo":{"@type":"ImageObject","inLanguage":"pl-PL","@id":"https:\/\/www.eurofirany.com.pl\/blog\/#\/schema\/logo\/image\/","url":"https:\/\/www.eurofirany.com.pl\/blog\/wp-content\/uploads\/2017\/07\/logo.png","contentUrl":"https:\/\/www.eurofirany.com.pl\/blog\/wp-content\/uploads\/2017\/07\/logo.png","width":428,"height":201,"caption":"Eurofirany"},"image":{"@id":"https:\/\/www.eurofirany.com.pl\/blog\/#\/schema\/logo\/image\/"}},{"@type":"Person","@id":"https:\/\/www.eurofirany.com.pl\/blog\/#\/schema\/person\/5f98aaa67c3937a5ee9e5bdd5fbc8177","name":"Izabela Konior - DIY","image":{"@type":"ImageObject","inLanguage":"pl-PL","@id":"https:\/\/secure.gravatar.com\/avatar\/9286504448f2a8e7e8c7785d3b587b3331b2f3856f19dfd504f4e7605a6c77dd?s=96&d=mm&r=g","url":"https:\/\/secure.gravatar.com\/avatar\/9286504448f2a8e7e8c7785d3b587b3331b2f3856f19dfd504f4e7605a6c77dd?s=96&d=mm&r=g","contentUrl":"https:\/\/secure.gravatar.com\/avatar\/9286504448f2a8e7e8c7785d3b587b3331b2f3856f19dfd504f4e7605a6c77dd?s=96&d=mm&r=g","caption":"Izabela Konior - DIY"},"description":"Firanka, kwiatek, m\u0142otek, sznurek czy kawa\u0142ek tkaniny w jej r\u0119kach nabieraj\u0105 nowego znaczenia. Z niczego potrafi wyczarowa\u0107\u2026zawsze wielkie CO\u015a! Do tworzenia potrzebuje wyobra\u017ani, natchnienia i\u2026 przedmiot\u00f3w, kt\u00f3re akurat s\u0105 w zasi\u0119gu jej r\u0119ki. Nie ma znaczenia jakie produkty wykorzysta, na koniec i tak dostajemy zaskakuj\u0105cy i inspiruj\u0105cy pomys\u0142. Jej najwi\u0119kszymi fanami i pomocnikami s\u0105 dzieci: Julka i Kacper. Czas wolny sp\u0119dza z najbli\u017cszym, uwielbia teatr, wieczorne spacery i jazd\u0119 na rowerze. Prywatnie szcz\u0119\u015bliwa \u017cona i mama dw\u00f3jki nastolatk\u00f3w. Czasami jej si\u0119 jednak wydaje, \u017ce najwi\u0119cej do powiedzenia ma ich cudowny pies BOY. Na naszym blogu b\u0119dzie dzieli\u0107 si\u0119 z czytelnikami swoimi pomys\u0142ami i propozycjami dekoracyjnymi z kategorii DIY. Izabela zapraszam Wszystkich do tw\u00f3rczej pracy i zmiany. Je\u015bli chcesz zapyta\u0107 naszego eksperta o rad\u0119, wy\u015blij wiadomo\u015b\u0107 w poni\u017cszym formularzu.","url":"https:\/\/www.eurofirany.com.pl\/blog\/author\/izabela-konior-diy"}]}},"_links":{"self":[{"href":"https:\/\/www.eurofirany.com.pl\/blog\/wp-json\/wp\/v2\/posts\/14471","targetHints":{"allow":["GET"]}}],"collection":[{"href":"https:\/\/www.eurofirany.com.pl\/blog\/wp-json\/wp\/v2\/posts"}],"about":[{"href":"https:\/\/www.eurofirany.com.pl\/blog\/wp-json\/wp\/v2\/types\/post"}],"author":[{"embeddable":true,"href":"https:\/\/www.eurofirany.com.pl\/blog\/wp-json\/wp\/v2\/users\/12"}],"replies":[{"embeddable":true,"href":"https:\/\/www.eurofirany.com.pl\/blog\/wp-json\/wp\/v2\/comments?post=14471"}],"version-history":[{"count":3,"href":"https:\/\/www.eurofirany.com.pl\/blog\/wp-json\/wp\/v2\/posts\/14471\/revisions"}],"predecessor-version":[{"id":14480,"href":"https:\/\/www.eurofirany.com.pl\/blog\/wp-json\/wp\/v2\/posts\/14471\/revisions\/14480"}],"wp:featuredmedia":[{"embeddable":true,"href":"https:\/\/www.eurofirany.com.pl\/blog\/wp-json\/wp\/v2\/media\/14477"}],"wp:attachment":[{"href":"https:\/\/www.eurofirany.com.pl\/blog\/wp-json\/wp\/v2\/media?parent=14471"}],"wp:term":[{"taxonomy":"category","embeddable":true,"href":"https:\/\/www.eurofirany.com.pl\/blog\/wp-json\/wp\/v2\/categories?post=14471"},{"taxonomy":"post_tag","embeddable":true,"href":"https:\/\/www.eurofirany.com.pl\/blog\/wp-json\/wp\/v2\/tags?post=14471"}],"curies":[{"name":"wp","href":"https:\/\/api.w.org\/{rel}","templated":true}]}}