{"id":15881,"date":"2024-03-30T08:01:34","date_gmt":"2024-03-30T07:01:34","guid":{"rendered":"https:\/\/www.eurofirany.com.pl\/blog\/?p=15881"},"modified":"2024-03-28T20:56:03","modified_gmt":"2024-03-28T19:56:03","slug":"minimalizm-w-domu-jak-stworzyc-elegancka-aranzacje","status":"publish","type":"post","link":"https:\/\/www.eurofirany.com.pl\/blog\/minimalizm-w-domu-jak-stworzyc-elegancka-aranzacje","title":{"rendered":"Minimalizm w domu \u2013 jak stworzy\u0107 eleganck\u0105 aran\u017cacj\u0119?"},"content":{"rendered":"<span class=\"span-reading-time rt-reading-time\" style=\"display: block;\"><span class=\"rt-label rt-prefix\">Czas czytania: <\/span> <span class=\"rt-time\"> 3<\/span> <span class=\"rt-label rt-postfix\">minuty<\/span><\/span><p><strong>Co oznacza minimalizm we wn\u0119trzach? To przede wszystkim wn\u0119trza przestronne, bez zb\u0119dnego wyposa\u017cenia, wype\u0142nione naturalnymi, jasnymi kolorami. Dekoracje i\u00a0dodatki dobrane s\u0105 z umiarem i smakiem. Styl minimalistyczny to proste i praktyczne rozwi\u0105zania, a zarazem bardzo eleganckie. Minimalizm jest w modzie. Jak zatem wprowadzi\u0107 minimalizm w domu? Od czego zacz\u0105\u0107? Jak stworzy\u0107 elegancki salon w\u00a0duchu minimalizmu? Ju\u017c \u015bpieszymy z pomoc\u0105! Podpowiadamy! Minimalistyczne wn\u0119trza &#8211; jak stworzy\u0107 eleganck\u0105 aran\u017cacj\u0119. \u00a0<\/strong><\/p>\n<p style=\"text-align: justify;\"><!--more--><\/p>\n<div class=\"su-spacer\" style=\"height:20px\"><\/div>\n<div class=\"su-spacer\" style=\"height:20px\"><\/div>\n<h2>Minimalistyczne wn\u0119trza \u2013 cechy charakterystyczne<\/h2>\n<p>Minimalizm jest wci\u0105\u017c bardzo popularnym trendem. Styl ten pasuje zar\u00f3wno do du\u017cych, przestronnych wn\u0119trz, jak i ma\u0142ych mieszka\u0144. Minimalistyczne wn\u0119trza cenimy za uporz\u0105dkowanie, spok\u00f3j i harmoni\u0119. Tutaj nie ma miejsca na ci\u0119\u017ckie meble, przepych czy zb\u0119dne bibeloty. To po\u0142\u0105czenie prostoty z funkcjonalno\u015bci\u0105. S\u0105 pewne zasady, kt\u00f3rymi powinni\u015bmy si\u0119 kierowa\u0107 urz\u0105dzaj\u0105c minimalistyczne wn\u0119trze. Pierwsza podstawowa zasada to: tylko niezb\u0119dne meble. Wn\u0119trze minimalistycznie nie mo\u017ce by\u0107 zagracone zb\u0119dnym wyposa\u017ceniem. W salonie wystarczy sofa, stolik kawowy, komoda oraz st\u00f3\u0142 z krzes\u0142ami je\u015bli jest w salonie cz\u0119\u015b\u0107 jadalniana. Meble wysokiej jako\u015bci, o prostych kszta\u0142tach i formach. Stawiamy na funkcjonalno\u015b\u0107. Umiar dotyczy r\u00f3wnie\u017c dekoracji. Pojedyncze dodatki maj\u0105 jedynie podkre\u015bli\u0107 charakter wn\u0119trza. Je\u015bli obraz, to mo\u017ce by\u0107 botaniczny wz\u00f3r w z\u0142otej ramie, idealnie b\u0119dzie pasowa\u0142a szczeg\u00f3lnie na czarnej \u015bcianie. Dekoracja w kontrastuj\u0105cych czarno z\u0142otych barwach znakomicie pasuje do nowoczesnych, minimalistycznych wn\u0119trz. Minimalizm nie oznacza ch\u0142odu i sterylno\u015bci. Minimalistyczne wn\u0119trza, te\u017c s\u0105 ciep\u0142e i przytulne.<\/p>\n<div class=\"su-spacer\" style=\"height:20px\"><\/div>\n<p><a href=\"https:\/\/www.eurofirany.com.pl\/p\/zaslona-isla-z-matowego-welwetu-z-zakardowym-geometrycznym-wzorem-61257\"><img loading=\"lazy\" decoding=\"async\" class=\"alignleft size-full wp-image-15883\" src=\"https:\/\/www.eurofirany.com.pl\/blog\/wp-content\/uploads\/2024\/03\/386570_H1_zas_isla_b.jpg\" alt=\"minimalistyczne wn\u0119trza\u00a0-\" width=\"1000\" height=\"775\" \/><\/a><\/p>\n<div class=\"su-spacer\" style=\"height:20px\"><\/div>\n<h2>Minimalistyczne salony \u2013 te\u017c mog\u0105 by\u0107 przytulne<\/h2>\n<p>Salon w ods\u0142onie minimalistycznej powinien by\u0107 do\u015b\u0107 oszcz\u0119dny w kolorystyce. Tutaj sprawdza si\u0119 biel, jasne odcienie szaro\u015bci, delikatne be\u017ce i pastele. Takie barwy sprawiaj\u0105, \u017ce wn\u0119trze wygl\u0105da jasno, przestronnie i czysto. Minimalizm kocha jednolite barwy. Salon w szaro be\u017cowej kolorystyce emanuje spokojem i harmoni\u0105. Dobrze dobrane dodatki w postaci drewnianych stolik\u00f3w kawowych, be\u017cowego dywanu i\u00a0zielonych ro\u015blin doniczkowych, w bardzo \u0142atwy spos\u00f3b ocieplaj\u0105 wn\u0119trze. Dodatkowo przytulnego klimatu nadaj\u0105 <a href=\"https:\/\/www.eurofirany.com.pl\/p\/zaslona-isla-z-matowego-welwetu-z-zakardowym-geometrycznym-wzorem-61257\" target=\"_blank\" rel=\"noopener\">zas\u0142ony powieszone w oknach<\/a>. Subtelnie mi\u0119kka tkanina w jednolitej kolorystyce, z delikatnym po\u0142yskiem i a\u017curowym geometrycznym wzorem. To idealna dekoracja do minimalistycznego salonu, z \u0142atwo\u015bci\u0105 ociepli klimat, wn\u0119trze bezpowrotnie straci ch\u0142odny i sterylny wyraz. Zobacz jak jeszcze mo\u017cemy wprowadzi\u0107 minimalizm w domu.<\/p>\n<div class=\"su-spacer\" style=\"height:20px\"><\/div>\n<p><a href=\"https:\/\/www.eurofirany.com.pl\/p\/wazon-capri-ze-szkla-artystycznego-z-malachitowa-zawieszka-65613\"><img loading=\"lazy\" decoding=\"async\" class=\"alignleft size-full wp-image-15886\" src=\"https:\/\/www.eurofirany.com.pl\/blog\/wp-content\/uploads\/2024\/03\/408204_A3_cs_capri_waz_02.jpg\" alt=\"minimalistyczne salony\u00a0-\" width=\"2200\" height=\"2200\" \/><\/a><\/p>\n<div class=\"su-spacer\" style=\"height:20px\"><\/div>\n<h2>Jak wprowadzi\u0107 minimalizm w domu -spos\u00f3b na minimalistyczne wn\u0119trza<\/h2>\n<p>Skoro styl minimalistycznie nie potrzebuje wiele, to wydawa\u0107 by si\u0119 mog\u0142o, \u017ce urz\u0105dzenie domu w stylu minimalistycznym to nic trudnego. Owszem, ale jak to m\u00f3wi\u0105 \u201ediabe\u0142 tkwi w szczeg\u00f3\u0142ach\u201d. I w\u0142a\u015bnie o te szczeg\u00f3\u0142y chodzi. Minimalizm cechuje brak zb\u0119dnych dekoracji. Tu kr\u00f3luje prostota w ilo\u015bci, formie, strukturze i\u00a0fakturze. Nie oznacza to, \u017ce we wn\u0119trzach minimalistycznych nie ma dekoracji. W stylu minimalistycznym bardzo widoczna jest zasada \u2013 mniej znaczy wi\u0119cej. Stawiamy na dodatki bardzo dobrej jako\u015bci i w mniejszej ilo\u015bci. Dodatki maj\u0105 wy\u0142\u0105cznie podkre\u015bli\u0107 charakter pomieszczenia. Wpisywa\u0107 si\u0119 w ca\u0142o\u015b\u0107 aran\u017cacji, a nie j\u0105 przyt\u0142acza\u0107. Na jakie dekoracje warto zatem si\u0119 zdecydowa\u0107? Nieod\u0142\u0105cznym elementem dekoracyjnym, kt\u00f3ry wprowadzi wyj\u0105tkowego uroku i charakteru s\u0105 wazony. Wazon ze szk\u0142a artystycznego z malachitow\u0105 zawieszk\u0105, o niepowtarzalnym designie, wspaniale uzupe\u0142ni wn\u0119trze w stylu minimalistycznym. A mo\u017ce wazon ceramiczny z drobnym wzorem, o prostej i oszcz\u0119dnej formie.<\/p>\n<div class=\"su-spacer\" style=\"height:20px\"><\/div><a href=\"https:\/\/www.eurofirany.com.pl\/p\/wazon-ceramiczny-riso-z-drobnym-wzorem-84720\"><img loading=\"lazy\" decoding=\"async\" class=\"alignleft size-full wp-image-15887\" src=\"https:\/\/www.eurofirany.com.pl\/blog\/wp-content\/uploads\/2024\/03\/431872_A3_c_riso_3_waz_6.jpg\" alt=\"minimalistyczne salony\u00a0-\" width=\"2200\" height=\"2200\" \/><\/a><\/p>\n<div class=\"su-spacer\" style=\"height:20px\"><\/div>\n<p>W naszej ofercie znajdziesz spory wyb\u00f3r wazon\u00f3w o wyrazistym wzornictwie, r\u00f3\u017cnorodnych kszta\u0142tach i teksturach.<\/p>\n<p style=\"text-align: center;\"><strong>&gt;&gt;&gt; <a href=\"https:\/\/www.eurofirany.com.pl\/sklep-online\/wazony-273\" target=\"_blank\" rel=\"noopener\">WAZONY<\/a>&lt;&lt;&lt;<\/strong><\/p>\n<div class=\"su-spacer\" style=\"height:20px\"><\/div>\n<h2>Minimalizm w domu od czego zacz\u0105\u0107<\/h2>\n<p>Aran\u017cuj\u0105c wn\u0119trze w stylu minimalistycznym przede wszystkim zadbaj o harmoni\u0119, stylowe i gustowne dodatki. Kluczowe znaczenie ma r\u00f3wnie\u017c jako\u015b\u0107. Cho\u0107 styl minimalistyczny charakteryzuje si\u0119 stonowan\u0105, jasn\u0105 kolorystyk\u0105, to nic nie stoi na przeszkodzie wpu\u015bci\u0107 troch\u0119 koloru do wn\u0119trza. Urozmaici go, doda energii i polotu. Mo\u017cna postawi\u0107 na odrobine orientalnego powiewu. Szyku i elegancki dodadz\u0105 <a href=\"https:\/\/www.eurofirany.com.pl\/p\/design-91-zaslona-agnes-z-welwetu-z-ozdobnym-pasem-ze-zlotym-nadrukiem-w-orientalnym-stylu-w-gornej-czesci-53521\" target=\"_blank\" rel=\"noopener\"><strong>zas\u0142ony z welwetu z ozdobnym pasem ze z\u0142otym nadrukiem<\/strong><\/a>. Takie zas\u0142ony inspirowane stylem orientalnym przyci\u0105gaj\u0105 wzrok, pi\u0119knie si\u0119 uk\u0142adaj\u0105, dodadz\u0105 ciep\u0142a minimalistycznemu wn\u0119trzu. Mimo tak oryginalnej dekoracji okiennej, wn\u0119trze pozostaje delikatne i pe\u0142ne \u0142agodno\u015bci. Przestrze\u0144 jest doskonale wywa\u017cona. Okazuje si\u0119, \u017ce minimalizm jest wci\u0105\u017c na topie. Minimalizm w \u017cyciu, minimalizm w szafie i\u00a0minimalizm w domu! Spr\u00f3buj i Ty!<\/p>\n<p>&nbsp;<\/p>\n<p><a href=\"https:\/\/www.eurofirany.com.pl\/p\/limited-collection-obraz-lili-2-ze-zlotym-blyszczacym-nadrukiem-w-zlotej-ramie-58755\"><img loading=\"lazy\" decoding=\"async\" class=\"alignleft size-full wp-image-15885\" src=\"https:\/\/www.eurofirany.com.pl\/blog\/wp-content\/uploads\/2024\/03\/394507_A2_lc_lili2_obraz.jpg\" alt=\"minimalistyczne wn\u0119trza\u00a0\" width=\"1407\" height=\"1400\" \/><\/a><\/p>\n","protected":false},"excerpt":{"rendered":"<p><span class=\"span-reading-time rt-reading-time\" style=\"display: block;\"><span class=\"rt-label rt-prefix\">Czas czytania: <\/span> <span class=\"rt-time\"> 3<\/span> <span class=\"rt-label rt-postfix\">minuty<\/span><\/span>Co oznacza minimalizm we wn\u0119trzach? To przede wszystkim wn\u0119trza przestronne, bez zb\u0119dnego wyposa\u017cenia, wype\u0142nione naturalnymi, jasnymi kolorami. Dekoracje i\u00a0dodatki dobrane s\u0105 z umiarem i smakiem. Styl minimalistyczny to proste i praktyczne rozwi\u0105zania, a zarazem bardzo eleganckie. Minimalizm jest w modzie. [&hellip;]<\/p>\n","protected":false},"author":8,"featured_media":15884,"comment_status":"open","ping_status":"open","sticky":false,"template":"","format":"standard","meta":{"footnotes":""},"categories":[119,28,208],"tags":[],"class_list":["post-15881","post","type-post","status-publish","format-standard","has-post-thumbnail","hentry","category-dekorator-poleca","category-inspiracje","category-okiem-projektanta"],"yoast_head":"<!-- This site is optimized with the Yoast SEO plugin v27.3 - https:\/\/yoast.com\/product\/yoast-seo-wordpress\/ -->\n<title>Minimalizm w domu \u2013 jak stworzy\u0107 eleganck\u0105 aran\u017cacj\u0119? - E-blog by Eurofirany<\/title>\n<meta name=\"description\" content=\"Minimalistyczne wn\u0119trza, salony \u2013 jak wprowadzi\u0107 minimalizm w domu, od czego zacz\u0105\u0107 - Eurofirany. Pomys\u0142y na styl minimalistyczny.\" \/>\n<meta name=\"robots\" content=\"index, follow, max-snippet:-1, max-image-preview:large, max-video-preview:-1\" \/>\n<link rel=\"canonical\" href=\"https:\/\/www.eurofirany.com.pl\/blog\/minimalizm-w-domu-jak-stworzyc-elegancka-aranzacje\" \/>\n<meta property=\"og:locale\" content=\"pl_PL\" \/>\n<meta property=\"og:type\" content=\"article\" \/>\n<meta property=\"og:title\" content=\"Minimalizm w domu \u2013 jak stworzy\u0107 eleganck\u0105 aran\u017cacj\u0119? - E-blog by Eurofirany\" \/>\n<meta property=\"og:description\" content=\"Minimalistyczne wn\u0119trza, salony \u2013 jak wprowadzi\u0107 minimalizm w domu, od czego zacz\u0105\u0107 - Eurofirany. Pomys\u0142y na styl minimalistyczny.\" \/>\n<meta property=\"og:url\" content=\"https:\/\/www.eurofirany.com.pl\/blog\/minimalizm-w-domu-jak-stworzyc-elegancka-aranzacje\" \/>\n<meta property=\"og:site_name\" content=\"E-blog by Eurofirany\" \/>\n<meta property=\"article:published_time\" content=\"2024-03-30T07:01:34+00:00\" \/>\n<meta property=\"og:image\" content=\"https:\/\/www.eurofirany.com.pl\/blog\/wp-content\/uploads\/2024\/03\/388479_H1_d91_z_agnes_k.jpg\" \/>\n\t<meta property=\"og:image:width\" content=\"1000\" \/>\n\t<meta property=\"og:image:height\" content=\"583\" \/>\n\t<meta property=\"og:image:type\" content=\"image\/jpeg\" \/>\n<meta name=\"author\" content=\"Jowita \u0141abys - dekoratorka\" \/>\n<meta name=\"twitter:card\" content=\"summary_large_image\" \/>\n<meta name=\"twitter:label1\" content=\"Napisane przez\" \/>\n\t<meta name=\"twitter:data1\" content=\"Jowita \u0141abys - dekoratorka\" \/>\n\t<meta name=\"twitter:label2\" content=\"Szacowany czas czytania\" \/>\n\t<meta name=\"twitter:data2\" content=\"4 minuty\" \/>\n<script type=\"application\/ld+json\" class=\"yoast-schema-graph\">{\"@context\":\"https:\\\/\\\/schema.org\",\"@graph\":[{\"@type\":\"Article\",\"@id\":\"https:\\\/\\\/www.eurofirany.com.pl\\\/blog\\\/minimalizm-w-domu-jak-stworzyc-elegancka-aranzacje#article\",\"isPartOf\":{\"@id\":\"https:\\\/\\\/www.eurofirany.com.pl\\\/blog\\\/minimalizm-w-domu-jak-stworzyc-elegancka-aranzacje\"},\"author\":{\"name\":\"Jowita \u0141abys - dekoratorka\",\"@id\":\"https:\\\/\\\/www.eurofirany.com.pl\\\/blog\\\/#\\\/schema\\\/person\\\/c7d556332db4a21ba69be9a1dbd20740\"},\"headline\":\"Minimalizm w domu \u2013 jak stworzy\u0107 eleganck\u0105 aran\u017cacj\u0119?\",\"datePublished\":\"2024-03-30T07:01:34+00:00\",\"mainEntityOfPage\":{\"@id\":\"https:\\\/\\\/www.eurofirany.com.pl\\\/blog\\\/minimalizm-w-domu-jak-stworzyc-elegancka-aranzacje\"},\"wordCount\":777,\"commentCount\":0,\"publisher\":{\"@id\":\"https:\\\/\\\/www.eurofirany.com.pl\\\/blog\\\/#organization\"},\"image\":{\"@id\":\"https:\\\/\\\/www.eurofirany.com.pl\\\/blog\\\/minimalizm-w-domu-jak-stworzyc-elegancka-aranzacje#primaryimage\"},\"thumbnailUrl\":\"https:\\\/\\\/www.eurofirany.com.pl\\\/blog\\\/wp-content\\\/uploads\\\/2024\\\/03\\\/388479_H1_d91_z_agnes_k.jpg\",\"articleSection\":[\"Dekorator poleca\",\"Inspiracje\",\"Okiem projektanta\"],\"inLanguage\":\"pl-PL\",\"potentialAction\":[{\"@type\":\"CommentAction\",\"name\":\"Comment\",\"target\":[\"https:\\\/\\\/www.eurofirany.com.pl\\\/blog\\\/minimalizm-w-domu-jak-stworzyc-elegancka-aranzacje#respond\"]}]},{\"@type\":\"WebPage\",\"@id\":\"https:\\\/\\\/www.eurofirany.com.pl\\\/blog\\\/minimalizm-w-domu-jak-stworzyc-elegancka-aranzacje\",\"url\":\"https:\\\/\\\/www.eurofirany.com.pl\\\/blog\\\/minimalizm-w-domu-jak-stworzyc-elegancka-aranzacje\",\"name\":\"Minimalizm w domu \u2013 jak stworzy\u0107 eleganck\u0105 aran\u017cacj\u0119? - E-blog by Eurofirany\",\"isPartOf\":{\"@id\":\"https:\\\/\\\/www.eurofirany.com.pl\\\/blog\\\/#website\"},\"primaryImageOfPage\":{\"@id\":\"https:\\\/\\\/www.eurofirany.com.pl\\\/blog\\\/minimalizm-w-domu-jak-stworzyc-elegancka-aranzacje#primaryimage\"},\"image\":{\"@id\":\"https:\\\/\\\/www.eurofirany.com.pl\\\/blog\\\/minimalizm-w-domu-jak-stworzyc-elegancka-aranzacje#primaryimage\"},\"thumbnailUrl\":\"https:\\\/\\\/www.eurofirany.com.pl\\\/blog\\\/wp-content\\\/uploads\\\/2024\\\/03\\\/388479_H1_d91_z_agnes_k.jpg\",\"datePublished\":\"2024-03-30T07:01:34+00:00\",\"description\":\"Minimalistyczne wn\u0119trza, salony \u2013 jak wprowadzi\u0107 minimalizm w domu, od czego zacz\u0105\u0107 - Eurofirany. Pomys\u0142y na styl minimalistyczny.\",\"breadcrumb\":{\"@id\":\"https:\\\/\\\/www.eurofirany.com.pl\\\/blog\\\/minimalizm-w-domu-jak-stworzyc-elegancka-aranzacje#breadcrumb\"},\"inLanguage\":\"pl-PL\",\"potentialAction\":[{\"@type\":\"ReadAction\",\"target\":[\"https:\\\/\\\/www.eurofirany.com.pl\\\/blog\\\/minimalizm-w-domu-jak-stworzyc-elegancka-aranzacje\"]}]},{\"@type\":\"ImageObject\",\"inLanguage\":\"pl-PL\",\"@id\":\"https:\\\/\\\/www.eurofirany.com.pl\\\/blog\\\/minimalizm-w-domu-jak-stworzyc-elegancka-aranzacje#primaryimage\",\"url\":\"https:\\\/\\\/www.eurofirany.com.pl\\\/blog\\\/wp-content\\\/uploads\\\/2024\\\/03\\\/388479_H1_d91_z_agnes_k.jpg\",\"contentUrl\":\"https:\\\/\\\/www.eurofirany.com.pl\\\/blog\\\/wp-content\\\/uploads\\\/2024\\\/03\\\/388479_H1_d91_z_agnes_k.jpg\",\"width\":1000,\"height\":583,\"caption\":\"minimalistyczne wn\u0119trza\u00a0-\"},{\"@type\":\"BreadcrumbList\",\"@id\":\"https:\\\/\\\/www.eurofirany.com.pl\\\/blog\\\/minimalizm-w-domu-jak-stworzyc-elegancka-aranzacje#breadcrumb\",\"itemListElement\":[{\"@type\":\"ListItem\",\"position\":1,\"name\":\"Strona g\u0142\u00f3wna\",\"item\":\"https:\\\/\\\/www.eurofirany.com.pl\\\/blog\"},{\"@type\":\"ListItem\",\"position\":2,\"name\":\"Minimalizm w domu \u2013 jak stworzy\u0107 eleganck\u0105 aran\u017cacj\u0119?\"}]},{\"@type\":\"WebSite\",\"@id\":\"https:\\\/\\\/www.eurofirany.com.pl\\\/blog\\\/#website\",\"url\":\"https:\\\/\\\/www.eurofirany.com.pl\\\/blog\\\/\",\"name\":\"E-blog by Eurofirany\",\"description\":\"\",\"publisher\":{\"@id\":\"https:\\\/\\\/www.eurofirany.com.pl\\\/blog\\\/#organization\"},\"potentialAction\":[{\"@type\":\"SearchAction\",\"target\":{\"@type\":\"EntryPoint\",\"urlTemplate\":\"https:\\\/\\\/www.eurofirany.com.pl\\\/blog\\\/?s={search_term_string}\"},\"query-input\":{\"@type\":\"PropertyValueSpecification\",\"valueRequired\":true,\"valueName\":\"search_term_string\"}}],\"inLanguage\":\"pl-PL\"},{\"@type\":\"Organization\",\"@id\":\"https:\\\/\\\/www.eurofirany.com.pl\\\/blog\\\/#organization\",\"name\":\"Eurofirany\",\"url\":\"https:\\\/\\\/www.eurofirany.com.pl\\\/blog\\\/\",\"logo\":{\"@type\":\"ImageObject\",\"inLanguage\":\"pl-PL\",\"@id\":\"https:\\\/\\\/www.eurofirany.com.pl\\\/blog\\\/#\\\/schema\\\/logo\\\/image\\\/\",\"url\":\"https:\\\/\\\/www.eurofirany.com.pl\\\/blog\\\/wp-content\\\/uploads\\\/2017\\\/07\\\/logo.png\",\"contentUrl\":\"https:\\\/\\\/www.eurofirany.com.pl\\\/blog\\\/wp-content\\\/uploads\\\/2017\\\/07\\\/logo.png\",\"width\":428,\"height\":201,\"caption\":\"Eurofirany\"},\"image\":{\"@id\":\"https:\\\/\\\/www.eurofirany.com.pl\\\/blog\\\/#\\\/schema\\\/logo\\\/image\\\/\"}},{\"@type\":\"Person\",\"@id\":\"https:\\\/\\\/www.eurofirany.com.pl\\\/blog\\\/#\\\/schema\\\/person\\\/c7d556332db4a21ba69be9a1dbd20740\",\"name\":\"Jowita \u0141abys - dekoratorka\",\"image\":{\"@type\":\"ImageObject\",\"inLanguage\":\"pl-PL\",\"@id\":\"https:\\\/\\\/secure.gravatar.com\\\/avatar\\\/96e28c4b41752b60a7d6809d852d6791fc995d093386cb6b8a35997ac73cf53c?s=96&d=mm&r=g\",\"url\":\"https:\\\/\\\/secure.gravatar.com\\\/avatar\\\/96e28c4b41752b60a7d6809d852d6791fc995d093386cb6b8a35997ac73cf53c?s=96&d=mm&r=g\",\"contentUrl\":\"https:\\\/\\\/secure.gravatar.com\\\/avatar\\\/96e28c4b41752b60a7d6809d852d6791fc995d093386cb6b8a35997ac73cf53c?s=96&d=mm&r=g\",\"caption\":\"Jowita \u0141abys - dekoratorka\"},\"description\":\"Wszystko zacz\u0119\u0142o si\u0119 niewinnie. Pierwszym projektem Jowity by\u0142o jej w\u0142asne mieszkanie. Od tego momentu pokocha\u0142a stylizacj\u0119 wn\u0119trz. I tak ju\u017c zosta\u0142o \u2026 od czternastu lat! Ta praca jest jednocze\u015bnie jej najwi\u0119ksz\u0105 pasj\u0105. Czego potwierdzeniem jest kilkaset zadowolonych klient\u00f3w. Zami\u0142owanie do niepowtarzalnych pomys\u0142\u00f3w \u0142\u0105czy z pasj\u0105 do wzornictwa. W jej torebce mo\u017cna odnale\u017a\u0107 nie tylko szmink\u0119 czy perfumy, ale tak\u017ce centymetr, pr\u00f3bki tkanin i kolor\u00f3w oraz\u2026 krawieckie no\u017cyczki. Czas wolny sp\u0119dza na spacerach z psem, ogl\u0105daj\u0105c dobry film lub po prostu w gronie przyjaci\u00f3\u0142. Na naszym blogu prowadzi k\u0105cik: Wn\u0119trzarskie Style i Trendy. Je\u015bli chcesz zapyta\u0107 naszego eksperta o rad\u0119, wy\u015blij wiadomo\u015b\u0107 w poni\u017cszym formularzu.\",\"url\":\"https:\\\/\\\/www.eurofirany.com.pl\\\/blog\\\/author\\\/jowita-labys\"}]}<\/script>\n<!-- \/ Yoast SEO plugin. -->","yoast_head_json":{"title":"Minimalizm w domu \u2013 jak stworzy\u0107 eleganck\u0105 aran\u017cacj\u0119? - E-blog by Eurofirany","description":"Minimalistyczne wn\u0119trza, salony \u2013 jak wprowadzi\u0107 minimalizm w domu, od czego zacz\u0105\u0107 - Eurofirany. Pomys\u0142y na styl minimalistyczny.","robots":{"index":"index","follow":"follow","max-snippet":"max-snippet:-1","max-image-preview":"max-image-preview:large","max-video-preview":"max-video-preview:-1"},"canonical":"https:\/\/www.eurofirany.com.pl\/blog\/minimalizm-w-domu-jak-stworzyc-elegancka-aranzacje","og_locale":"pl_PL","og_type":"article","og_title":"Minimalizm w domu \u2013 jak stworzy\u0107 eleganck\u0105 aran\u017cacj\u0119? - E-blog by Eurofirany","og_description":"Minimalistyczne wn\u0119trza, salony \u2013 jak wprowadzi\u0107 minimalizm w domu, od czego zacz\u0105\u0107 - Eurofirany. Pomys\u0142y na styl minimalistyczny.","og_url":"https:\/\/www.eurofirany.com.pl\/blog\/minimalizm-w-domu-jak-stworzyc-elegancka-aranzacje","og_site_name":"E-blog by Eurofirany","article_published_time":"2024-03-30T07:01:34+00:00","og_image":[{"width":1000,"height":583,"url":"https:\/\/www.eurofirany.com.pl\/blog\/wp-content\/uploads\/2024\/03\/388479_H1_d91_z_agnes_k.jpg","type":"image\/jpeg"}],"author":"Jowita \u0141abys - dekoratorka","twitter_card":"summary_large_image","twitter_misc":{"Napisane przez":"Jowita \u0141abys - dekoratorka","Szacowany czas czytania":"4 minuty"},"schema":{"@context":"https:\/\/schema.org","@graph":[{"@type":"Article","@id":"https:\/\/www.eurofirany.com.pl\/blog\/minimalizm-w-domu-jak-stworzyc-elegancka-aranzacje#article","isPartOf":{"@id":"https:\/\/www.eurofirany.com.pl\/blog\/minimalizm-w-domu-jak-stworzyc-elegancka-aranzacje"},"author":{"name":"Jowita \u0141abys - dekoratorka","@id":"https:\/\/www.eurofirany.com.pl\/blog\/#\/schema\/person\/c7d556332db4a21ba69be9a1dbd20740"},"headline":"Minimalizm w domu \u2013 jak stworzy\u0107 eleganck\u0105 aran\u017cacj\u0119?","datePublished":"2024-03-30T07:01:34+00:00","mainEntityOfPage":{"@id":"https:\/\/www.eurofirany.com.pl\/blog\/minimalizm-w-domu-jak-stworzyc-elegancka-aranzacje"},"wordCount":777,"commentCount":0,"publisher":{"@id":"https:\/\/www.eurofirany.com.pl\/blog\/#organization"},"image":{"@id":"https:\/\/www.eurofirany.com.pl\/blog\/minimalizm-w-domu-jak-stworzyc-elegancka-aranzacje#primaryimage"},"thumbnailUrl":"https:\/\/www.eurofirany.com.pl\/blog\/wp-content\/uploads\/2024\/03\/388479_H1_d91_z_agnes_k.jpg","articleSection":["Dekorator poleca","Inspiracje","Okiem projektanta"],"inLanguage":"pl-PL","potentialAction":[{"@type":"CommentAction","name":"Comment","target":["https:\/\/www.eurofirany.com.pl\/blog\/minimalizm-w-domu-jak-stworzyc-elegancka-aranzacje#respond"]}]},{"@type":"WebPage","@id":"https:\/\/www.eurofirany.com.pl\/blog\/minimalizm-w-domu-jak-stworzyc-elegancka-aranzacje","url":"https:\/\/www.eurofirany.com.pl\/blog\/minimalizm-w-domu-jak-stworzyc-elegancka-aranzacje","name":"Minimalizm w domu \u2013 jak stworzy\u0107 eleganck\u0105 aran\u017cacj\u0119? - E-blog by Eurofirany","isPartOf":{"@id":"https:\/\/www.eurofirany.com.pl\/blog\/#website"},"primaryImageOfPage":{"@id":"https:\/\/www.eurofirany.com.pl\/blog\/minimalizm-w-domu-jak-stworzyc-elegancka-aranzacje#primaryimage"},"image":{"@id":"https:\/\/www.eurofirany.com.pl\/blog\/minimalizm-w-domu-jak-stworzyc-elegancka-aranzacje#primaryimage"},"thumbnailUrl":"https:\/\/www.eurofirany.com.pl\/blog\/wp-content\/uploads\/2024\/03\/388479_H1_d91_z_agnes_k.jpg","datePublished":"2024-03-30T07:01:34+00:00","description":"Minimalistyczne wn\u0119trza, salony \u2013 jak wprowadzi\u0107 minimalizm w domu, od czego zacz\u0105\u0107 - Eurofirany. Pomys\u0142y na styl minimalistyczny.","breadcrumb":{"@id":"https:\/\/www.eurofirany.com.pl\/blog\/minimalizm-w-domu-jak-stworzyc-elegancka-aranzacje#breadcrumb"},"inLanguage":"pl-PL","potentialAction":[{"@type":"ReadAction","target":["https:\/\/www.eurofirany.com.pl\/blog\/minimalizm-w-domu-jak-stworzyc-elegancka-aranzacje"]}]},{"@type":"ImageObject","inLanguage":"pl-PL","@id":"https:\/\/www.eurofirany.com.pl\/blog\/minimalizm-w-domu-jak-stworzyc-elegancka-aranzacje#primaryimage","url":"https:\/\/www.eurofirany.com.pl\/blog\/wp-content\/uploads\/2024\/03\/388479_H1_d91_z_agnes_k.jpg","contentUrl":"https:\/\/www.eurofirany.com.pl\/blog\/wp-content\/uploads\/2024\/03\/388479_H1_d91_z_agnes_k.jpg","width":1000,"height":583,"caption":"minimalistyczne wn\u0119trza\u00a0-"},{"@type":"BreadcrumbList","@id":"https:\/\/www.eurofirany.com.pl\/blog\/minimalizm-w-domu-jak-stworzyc-elegancka-aranzacje#breadcrumb","itemListElement":[{"@type":"ListItem","position":1,"name":"Strona g\u0142\u00f3wna","item":"https:\/\/www.eurofirany.com.pl\/blog"},{"@type":"ListItem","position":2,"name":"Minimalizm w domu \u2013 jak stworzy\u0107 eleganck\u0105 aran\u017cacj\u0119?"}]},{"@type":"WebSite","@id":"https:\/\/www.eurofirany.com.pl\/blog\/#website","url":"https:\/\/www.eurofirany.com.pl\/blog\/","name":"E-blog by Eurofirany","description":"","publisher":{"@id":"https:\/\/www.eurofirany.com.pl\/blog\/#organization"},"potentialAction":[{"@type":"SearchAction","target":{"@type":"EntryPoint","urlTemplate":"https:\/\/www.eurofirany.com.pl\/blog\/?s={search_term_string}"},"query-input":{"@type":"PropertyValueSpecification","valueRequired":true,"valueName":"search_term_string"}}],"inLanguage":"pl-PL"},{"@type":"Organization","@id":"https:\/\/www.eurofirany.com.pl\/blog\/#organization","name":"Eurofirany","url":"https:\/\/www.eurofirany.com.pl\/blog\/","logo":{"@type":"ImageObject","inLanguage":"pl-PL","@id":"https:\/\/www.eurofirany.com.pl\/blog\/#\/schema\/logo\/image\/","url":"https:\/\/www.eurofirany.com.pl\/blog\/wp-content\/uploads\/2017\/07\/logo.png","contentUrl":"https:\/\/www.eurofirany.com.pl\/blog\/wp-content\/uploads\/2017\/07\/logo.png","width":428,"height":201,"caption":"Eurofirany"},"image":{"@id":"https:\/\/www.eurofirany.com.pl\/blog\/#\/schema\/logo\/image\/"}},{"@type":"Person","@id":"https:\/\/www.eurofirany.com.pl\/blog\/#\/schema\/person\/c7d556332db4a21ba69be9a1dbd20740","name":"Jowita \u0141abys - dekoratorka","image":{"@type":"ImageObject","inLanguage":"pl-PL","@id":"https:\/\/secure.gravatar.com\/avatar\/96e28c4b41752b60a7d6809d852d6791fc995d093386cb6b8a35997ac73cf53c?s=96&d=mm&r=g","url":"https:\/\/secure.gravatar.com\/avatar\/96e28c4b41752b60a7d6809d852d6791fc995d093386cb6b8a35997ac73cf53c?s=96&d=mm&r=g","contentUrl":"https:\/\/secure.gravatar.com\/avatar\/96e28c4b41752b60a7d6809d852d6791fc995d093386cb6b8a35997ac73cf53c?s=96&d=mm&r=g","caption":"Jowita \u0141abys - dekoratorka"},"description":"Wszystko zacz\u0119\u0142o si\u0119 niewinnie. Pierwszym projektem Jowity by\u0142o jej w\u0142asne mieszkanie. Od tego momentu pokocha\u0142a stylizacj\u0119 wn\u0119trz. I tak ju\u017c zosta\u0142o \u2026 od czternastu lat! Ta praca jest jednocze\u015bnie jej najwi\u0119ksz\u0105 pasj\u0105. Czego potwierdzeniem jest kilkaset zadowolonych klient\u00f3w. Zami\u0142owanie do niepowtarzalnych pomys\u0142\u00f3w \u0142\u0105czy z pasj\u0105 do wzornictwa. W jej torebce mo\u017cna odnale\u017a\u0107 nie tylko szmink\u0119 czy perfumy, ale tak\u017ce centymetr, pr\u00f3bki tkanin i kolor\u00f3w oraz\u2026 krawieckie no\u017cyczki. Czas wolny sp\u0119dza na spacerach z psem, ogl\u0105daj\u0105c dobry film lub po prostu w gronie przyjaci\u00f3\u0142. Na naszym blogu prowadzi k\u0105cik: Wn\u0119trzarskie Style i Trendy. Je\u015bli chcesz zapyta\u0107 naszego eksperta o rad\u0119, wy\u015blij wiadomo\u015b\u0107 w poni\u017cszym formularzu.","url":"https:\/\/www.eurofirany.com.pl\/blog\/author\/jowita-labys"}]}},"_links":{"self":[{"href":"https:\/\/www.eurofirany.com.pl\/blog\/wp-json\/wp\/v2\/posts\/15881","targetHints":{"allow":["GET"]}}],"collection":[{"href":"https:\/\/www.eurofirany.com.pl\/blog\/wp-json\/wp\/v2\/posts"}],"about":[{"href":"https:\/\/www.eurofirany.com.pl\/blog\/wp-json\/wp\/v2\/types\/post"}],"author":[{"embeddable":true,"href":"https:\/\/www.eurofirany.com.pl\/blog\/wp-json\/wp\/v2\/users\/8"}],"replies":[{"embeddable":true,"href":"https:\/\/www.eurofirany.com.pl\/blog\/wp-json\/wp\/v2\/comments?post=15881"}],"version-history":[{"count":2,"href":"https:\/\/www.eurofirany.com.pl\/blog\/wp-json\/wp\/v2\/posts\/15881\/revisions"}],"predecessor-version":[{"id":15893,"href":"https:\/\/www.eurofirany.com.pl\/blog\/wp-json\/wp\/v2\/posts\/15881\/revisions\/15893"}],"wp:featuredmedia":[{"embeddable":true,"href":"https:\/\/www.eurofirany.com.pl\/blog\/wp-json\/wp\/v2\/media\/15884"}],"wp:attachment":[{"href":"https:\/\/www.eurofirany.com.pl\/blog\/wp-json\/wp\/v2\/media?parent=15881"}],"wp:term":[{"taxonomy":"category","embeddable":true,"href":"https:\/\/www.eurofirany.com.pl\/blog\/wp-json\/wp\/v2\/categories?post=15881"},{"taxonomy":"post_tag","embeddable":true,"href":"https:\/\/www.eurofirany.com.pl\/blog\/wp-json\/wp\/v2\/tags?post=15881"}],"curies":[{"name":"wp","href":"https:\/\/api.w.org\/{rel}","templated":true}]}}