{"id":17143,"date":"2024-11-16T08:13:37","date_gmt":"2024-11-16T07:13:37","guid":{"rendered":"https:\/\/www.eurofirany.com.pl\/blog\/?p=17143"},"modified":"2024-11-06T22:44:49","modified_gmt":"2024-11-06T21:44:49","slug":"swiateczna-dekoracja-schodow","status":"publish","type":"post","link":"https:\/\/www.eurofirany.com.pl\/blog\/swiateczna-dekoracja-schodow","title":{"rendered":"\u015awi\u0105teczna dekoracja schod\u00f3w"},"content":{"rendered":"<span class=\"span-reading-time rt-reading-time\" style=\"display: block;\"><span class=\"rt-label rt-prefix\">Czas czytania: <\/span> <span class=\"rt-time\"> 4<\/span> <span class=\"rt-label rt-postfix\">minuty<\/span><\/span><p style=\"text-align: justify;\"><strong>\u015awi\u0119ta Bo\u017cego Narodzenia to wyj\u0105tkowy czas, w kt\u00f3rym ka\u017cdy element dekoracyjny naszego wn\u0119trza mo\u017ce mie\u0107 znaczenie. Schody to cz\u0119sto niedoceniane miejsce do dekoracji, a przecie\u017c to jeden z pierwszych element\u00f3w, kt\u00f3ry rzuca si\u0119 w oczy ju\u017c od progu. \u015awi\u0105teczne dekoracje schod\u00f3w mog\u0105 nada\u0107 twojemu domowi wyj\u0105tkowego klimatu i ciep\u0142a, witaj\u0105c go\u015bci w pi\u0119kny i nastrojowy spos\u00f3b. Odpowiednio dobrane dekoracje sprawi\u0105, ze schody stan\u0105 si\u0119 ozdob\u0105 domu. Poni\u017cej znajdziesz pomys\u0142y na to, jak udekorowa\u0107 schody na Bo\u017ce Narodzenie &#8211; klimatycznie, stylowo&#8230; po prostu pi\u0119knie.\u00a0<\/strong><!--more--><\/p>\n<div class=\"su-spacer\" style=\"height:20px\"><\/div>\n<p><a href=\"https:\/\/www.eurofirany.com.pl\/p\/skarpeta-swiateczna-z-dzianiny-ze-wzorem-97315\"><img loading=\"lazy\" decoding=\"async\" class=\"alignleft size-full wp-image-17146\" src=\"https:\/\/www.eurofirany.com.pl\/blog\/wp-content\/uploads\/2024\/11\/9ea43494595a22c164c90c8a49b0ecaa.jpg\" alt=\"jak udekorowa\u0107 schody na Bo\u017ce Narodzenie\" width=\"1200\" height=\"1200\" \/><\/a><br \/>\n<div class=\"su-spacer\" style=\"height:20px\"><\/div>\n<h2>Jak udekorowa\u0107 schody na Bo\u017ce Narodzenie \u2013 girlandy, klasyka \u015bwi\u0105t<\/h2>\n<p>Zielony \u0142a\u0144cuch to jeden z najpopularniejszych dodatk\u00f3w wykorzystywanych w \u015bwi\u0119ta. Jest idealny jako baza do tworzenia najr\u00f3\u017cniejszych \u015bwi\u0105tecznych dekoracji. Naturalny wygl\u0105d ga\u0142\u0105zek sosny lub \u015bwierku sprawia, \u017ce \u200b\u200bprzestrze\u0144 nabiera klasycznego i eleganckiego charakteru. Girlandy mo\u017cna umie\u015bci\u0107 na kominku, dodaj\u0105c mu jeszcze wi\u0119cej uroku, udekorowa\u0107 drzwi lub delikatnie ople\u015b\u0107 por\u0119cz schod\u00f3w. Zielone ga\u0142\u0105zki b\u0119d\u0105 pi\u0119knie komponowa\u0107 si\u0119 z ciep\u0142ymi \u015bwiat\u0142ami lampek, tworz\u0105cymi przytulny klimat. Wybieraj\u0105c sztuczne ga\u0142\u0105zki udekorujesz schody\u00a0 b\u0119dziesz cieszy\u0107 si\u0119 nieprzemijaj\u0105cym urokiem girlandy bez obaw, \u017ce \u00a0opadn\u0105 \u00a0z niej ig\u0142y. Girlandy i zielone ga\u0142\u0105zki mo\u017cesz dodatkowo udekorowa\u0107 naturalnymi szyszkami . Nadadz\u0105 wn\u0119trzu uroku i sprawi\u0105, \u017ce twoje schody b\u0119d\u0105 wygl\u0105da\u0142y naprawd\u0119 magicznie. Mo\u017cesz r\u00f3wnie\u017c doda\u0107 kilka ga\u0142\u0105zek jemio\u0142y, kt\u00f3ra wniesie odrobin\u0119 romantycznego akcentu.<\/p>\n<div class=\"su-spacer\" style=\"height:20px\"><\/div>\n<p><a href=\"https:\/\/www.eurofirany.com.pl\/p\/galazka-swiateczna-obsypana-sniegiem-97627\"><img loading=\"lazy\" decoding=\"async\" class=\"alignleft wp-image-17150 size-full\" src=\"https:\/\/www.eurofirany.com.pl\/blog\/wp-content\/uploads\/2024\/11\/ce732bcb06be1e0e774365a114529f5c.jpg\" alt=\"ak ozdobi\u0107 schody na bo\u017ce narodzenie\" width=\"1200\" height=\"1200\" \/><\/a><br \/>\n<div class=\"su-spacer\" style=\"height:20px\"><\/div>\n<h2>Jak ozdobi\u0107 schody na \u015bwi\u0119ta? Czerwone kokardy &#8211; \u015bwi\u0105teczny akcent<\/h2>\n<p>Nic nie dodaje \u015bwi\u0105tecznej elegancji tak skutecznie jak czerwone kokardy. Mo\u017cna nimi ozdobi\u0107 zar\u00f3wno girlandy, jak i por\u0119cze. Kilka du\u017cych, czerwonych kokard, stworzy klasyczn\u0105, \u015bwi\u0105teczn\u0105 dekoracj\u0119. Czerwone kokardy warto po\u0142\u0105czy\u0107 z zielonymi elementami, aby uzyska\u0107 kontrastuj\u0105cy efekt. Je\u015bli chcesz, by by\u0142y bardziej wyraziste, wybierz kokardy z materia\u0142u o po\u0142yskuj\u0105cej fakturze, np. weluru czy satyny.<\/p>\n<div class=\"su-spacer\" style=\"height:20px\"><\/div>\n<p><a href=\"https:\/\/www.eurofirany.com.pl\/p\/swiateczna-kokarda-z-blyszczacego-welwetu-97303\"><img loading=\"lazy\" decoding=\"async\" class=\"alignleft size-full wp-image-17149\" src=\"https:\/\/www.eurofirany.com.pl\/blog\/wp-content\/uploads\/2024\/11\/c4f068d46566d28e0b0b3925b8e88208.jpg\" alt=\"jak ozdobi\u0107 schody na \u015bwi\u0119ta\" width=\"1200\" height=\"1200\" \/><\/a><br \/>\n<div class=\"su-spacer\" style=\"height:20px\"><\/div>\n<h2>Jak ozdobi\u0107 por\u0119cze na \u015bwiata? \u015awi\u0105teczne skarpety &#8211; ciep\u0142y, domowy akcent<\/h2>\n<p>Je\u015bli twoje schody posiadaj\u0105 por\u0119cz, mo\u017cesz wykorzysta\u0107 j\u0105 jako baz\u0119 do powieszenia \u015bwi\u0105tecznych skarpet, ga\u0142\u0105zek iglastych lub innych wisz\u0105cych dekoracji. \u015awi\u0105teczne skarpety to urocza dekoracja, kt\u00f3ra szczeg\u00f3lnie dobrze sprawdzi si\u0119 w\u00a0domach z dzie\u0107mi. Mo\u017cesz wybra\u0107 klasyczne czerwone skarpety, kt\u00f3re nawi\u0105zuj\u0105 do \u015bwi\u0105tecznego stylu &#8211; z pi\u0119knymi wzorami, \u015bnie\u017cynkami, reniferami, ba\u0142wankami weso\u0142ymi Miko\u0142ajami czy skrzatami. W ka\u017cdej skarpecie mo\u017cna umie\u015bci\u0107 ma\u0142\u0105 niespodziank\u0119, prezent lub s\u0142odycze. To \u015bwietny spos\u00f3b na zbudowanie \u015bwi\u0105tecznej tradycji.<\/p>\n<div class=\"su-spacer\" style=\"height:20px\"><\/div>\n<p><a href=\"https:\/\/www.eurofirany.com.pl\/p\/skarpeta-swiateczna-santa-z-trojwymiarowa-aplikacja-z-mikolajem-67966\"><img loading=\"lazy\" decoding=\"async\" class=\"alignleft size-full wp-image-17148\" src=\"https:\/\/www.eurofirany.com.pl\/blog\/wp-content\/uploads\/2024\/11\/a64e94e04e2dae5252dca90e807b6deb.jpg\" alt=\"jak ozdobi\u0107 schody na \u015bwi\u0119ta\" width=\"1200\" height=\"1200\" \/><\/a><br \/>\n<div class=\"su-spacer\" style=\"height:20px\"><\/div>\n<h2>Jak ozdobi\u0107 schody na Bo\u017ce Narodzenie? Zimowa magia \u2013 ozdobne ga\u0142\u0105zki i\u00a0zimowe kwiaty<\/h2>\n<p>Oszronione ga\u0142\u0105zki to doskona\u0142y spos\u00f3b na podkre\u015blenie zimowego charakteru \u015bwi\u0105t. Mo\u017cna je umie\u015bci\u0107 bezpo\u015brednio w girlandach lub przypina\u0107 do por\u0119czy za pomoc\u0105 dekoracyjnego drutu. Ozdobne, oszronione ga\u0142\u0105zki wprowadz\u0105 do wn\u0119trza nut\u0119 elegancji i sprawi\u0105, \u017ce dekoracje nabior\u0105 nieco bajkowego, lodowego uroku. \u015awietnie sprawdz\u0105 si\u0119 tak\u017ce w towarzystwie czerwonych kwiat\u00f3w. Ro\u015blina &#8211; gwiazda betlejemska, to jeden z symboli Bo\u017cego Narodzenia. \u015awi\u0105teczne kwiaty dekoracyjne nawi\u0105zuj\u0105ce do tych prawdziwych kwiat\u00f3w, o intensywnej, czerwonej barwie, doskonale kontrastuj\u0105 z zieleni\u0105 ozdobnych ga\u0142\u0105zek.<\/p>\n<div class=\"su-spacer\" style=\"height:20px\"><\/div>\n<p><a href=\"https:\/\/www.eurofirany.com.pl\/p\/swiateczny-kwiat-dekoracyjny-z-welwetu-z-dodatkiem-lsniacych-kuleczek-97563\"><img loading=\"lazy\" decoding=\"async\" class=\"alignleft size-full wp-image-17152\" src=\"https:\/\/www.eurofirany.com.pl\/blog\/wp-content\/uploads\/2024\/11\/ff9af0876b101ed1e76cd8ccaba99dd7.jpg\" alt=\"jak ozdobi\u0107 por\u0119cz na \u015bwi\u0119ta\" width=\"1176\" height=\"1200\" \/><\/a><br \/>\n<div class=\"su-spacer\" style=\"height:20px\"><\/div>\n<h2>Jak ozdobi\u0107 schody na \u015bwi\u0119ta? Stw\u00f3rz ciep\u0142e powitanie<\/h2>\n<p>Ustawienie choinki przy schodach stworzy ciep\u0142e powitanie. Je\u015bli zdecydujesz si\u0119 na choink\u0119 przy schodach, jej rozmiar i kszta\u0142t b\u0119d\u0105 kluczowe. Drzewko nie powinno utrudnia\u0107 korzystania ze schod\u00f3w ani zas\u0142ania\u0107 wej\u015bcia. Wybierz choink\u0119 na tyle wysok\u0105, by wygl\u0105da\u0142a efektownie, ale nie za du\u017c\u0105 \u2013 idealnie sprawdzi si\u0119 drzewko w\u0105skie lub \u015bredniej wysoko\u015bci, zw\u0142aszcza przy w\u0119\u017cszych schodach. Choinka przy schodach to dekoracja sama w sobie, ale warto dopasowa\u0107 ozdoby do stylu i\u00a0kolorystyki wn\u0119trza. Dekoracje na choince przy schodach mog\u0105 nawi\u0105zywa\u0107 do innych ozd\u00f3b \u015bwi\u0105tecznych w domu, np. girlandy na por\u0119czy lub lampek LED, kt\u00f3re poprowadz\u0105 wzrok od do\u0142u schod\u00f3w a\u017c po drzewko. Stworzysz w ten spos\u00f3b sp\u00f3jn\u0105 i\u00a0przytuln\u0105 aran\u017cacj\u0119.<\/p>\n<div class=\"su-spacer\" style=\"height:20px\"><\/div>\n<p><a href=\"https:\/\/www.eurofirany.com.pl\/p\/choinka-zielone-drzewko-swierk-kolekcja-swierkow-zywieckich-68055\"><img loading=\"lazy\" decoding=\"async\" class=\"alignleft size-full wp-image-17147\" src=\"https:\/\/www.eurofirany.com.pl\/blog\/wp-content\/uploads\/2024\/11\/93234bbc86ee9de440dfd6c16ed072e0.jpg\" alt=\"jak udekorowa\u0107 schody na Bo\u017ce Narodzenie\" width=\"1200\" height=\"1200\" \/><\/a><br \/>\n<div class=\"su-spacer\" style=\"height:20px\"><\/div>\n<h2>\u015awi\u0105teczna dekoracja schod\u00f3w &#8211; tworzenie \u015bwi\u0105tecznej magii w ka\u017cdym zak\u0105tku domu<\/h2>\n<p style=\"text-align: center;\">\u015awi\u0119ta Bo\u017cego Narodzenia to wyj\u0105tkowy czas, kiedy dekorujemy ka\u017cdy zak\u0105tek naszego domu. Schody oraz por\u0119cze, cz\u0119sto centralne elementy w naszych wn\u0119trzach, mog\u0105 sta\u0107 si\u0119 prawdziw\u0105 ozdob\u0105, dzi\u0119ki odpowiednim dekoracjom. Je\u015bli przy schodach ustawimy choink\u0119, w naturalny spos\u00f3b stanie si\u0119 ona cz\u0119\u015bci\u0105 dekoracji schod\u00f3w, a dzi\u0119ki takim dekoracj\u0105 jak: \u015bwi\u0105teczne skarpety, girlandy, zielone ga\u0142\u0105zki czy kwiaty, mo\u017cna dodatkowo wzbogaci\u0107 ca\u0142\u0105 kompozycj\u0119 o ciep\u0142o i elegancj\u0119. Odrobin\u0119 blasku dodatkowo dodadz\u0105 z\u0142ote akcesoria. Mo\u017cesz wybra\u0107 drobne ozdoby w z\u0142otym kolorze, na przyk\u0142ad mini bombki lub z\u0142ote ga\u0142\u0105zki. Te akcenty pi\u0119knie odbijaj\u0105 \u015bwiat\u0142o, tworz\u0105c elegancki, a jednocze\u015bnie subtelny efekt. Z\u0142ote elementy wsp\u00f3\u0142graj\u0105 z zieleni\u0105 i czerwieni\u0105, wi\u0119c mo\u017cesz \u015bmia\u0142o zestawi\u0107 je z zielonymi girlandami i\u00a0czerwonymi kokardami. Stworzenie takiej dekoracji mo\u017ce by\u0107 nie tylko pi\u0119kne, ale te\u017c bardzo inspiruj\u0105ce \u2013 bo \u015bwi\u0119ta to czas, kiedy nawet najmniejsze szczeg\u00f3\u0142y maj\u0105 znaczenie!<br \/>\n<div class=\"su-spacer\" style=\"height:20px\"><\/div>\n<a href=\"https:\/\/www.eurofirany.com.pl\/p\/zimowa-galazka-w-subtelnie-lsniacym-zlotym-kolorze-97652\"><img loading=\"lazy\" decoding=\"async\" class=\"alignleft size-full wp-image-17151\" src=\"https:\/\/www.eurofirany.com.pl\/blog\/wp-content\/uploads\/2024\/11\/e04936bd205587e53f89db73edd7979d.jpg\" alt=\"jak ozdobi\u0107 por\u0119cz na \u015bwi\u0119ta\" width=\"1200\" height=\"1200\" \/><\/a><br \/>\n<div class=\"su-spacer\" style=\"height:20px\"><\/div>\n<strong>ZAINSPIRUJ SI\u0118<\/strong> &gt;&gt;&gt; <a href=\"https:\/\/www.eurofirany.com.pl\/sklep-online\/ozdoby-choinkowe-379\" target=\"_blank\" rel=\"noopener\"><strong>OZDOBY CHOINKOWE<\/strong> <\/a>&gt;&gt;&gt; <a href=\"https:\/\/www.eurofirany.com.pl\/sklep-online\/stroiki-i-wianki-swiateczne-433\" target=\"_blank\" rel=\"noopener\"><strong>WIANKI I GIRLANDY<\/strong> <\/a>&gt;&gt;&gt; <a href=\"https:\/\/www.eurofirany.com.pl\/sklep-online\/galazki-choinkowe-391\" target=\"_blank\" rel=\"noopener\"><strong>OZDOBNE GA\u0141\u0104ZKI<\/strong> <\/a>&gt;&gt;&gt; <a href=\"https:\/\/www.eurofirany.com.pl\/sklep-online\/skarpety-swiateczne-840\" target=\"_blank\" rel=\"noopener\"><strong>SKARPETY \u015aWI\u0104TECZNE<\/strong><\/a>\u00a0&gt;&gt;&gt; <a href=\"https:\/\/www.eurofirany.com.pl\/sklep-online\/zaslony-swiateczne-1689\" target=\"_blank\" rel=\"noopener\"><strong>ZAS\u0141ONY \u015aWI\u0104TECZNE<\/strong><\/a> &gt;&gt;&gt; <a href=\"https:\/\/www.eurofirany.com.pl\/sklep-online\/figurki-swiateczne-381\" target=\"_blank\" rel=\"noopener\"><strong>FIGURKI \u015aWI\u0104TECZNE<\/strong><\/a> &gt;&gt;&gt; <a href=\"https:\/\/www.eurofirany.com.pl\/sklep-online\/lalki-419\" target=\"_blank\" rel=\"noopener\"><strong>LALKI I SKRZATY<\/strong><\/a> &lt;&lt;&lt;<br \/>\n<div class=\"su-spacer\" style=\"height:20px\"><\/div>\n","protected":false},"excerpt":{"rendered":"<p><span class=\"span-reading-time rt-reading-time\" style=\"display: block;\"><span class=\"rt-label rt-prefix\">Czas czytania: <\/span> <span class=\"rt-time\"> 4<\/span> <span class=\"rt-label rt-postfix\">minuty<\/span><\/span>\u015awi\u0119ta Bo\u017cego Narodzenia to wyj\u0105tkowy czas, w kt\u00f3rym ka\u017cdy element dekoracyjny naszego wn\u0119trza mo\u017ce mie\u0107 znaczenie. Schody to cz\u0119sto niedoceniane miejsce do dekoracji, a przecie\u017c to jeden z pierwszych element\u00f3w, kt\u00f3ry rzuca si\u0119 w oczy ju\u017c od progu. \u015awi\u0105teczne dekoracje [&hellip;]<\/p>\n","protected":false},"author":12,"featured_media":17145,"comment_status":"open","ping_status":"open","sticky":false,"template":"","format":"standard","meta":{"footnotes":""},"categories":[185,28],"tags":[],"class_list":["post-17143","post","type-post","status-publish","format-standard","has-post-thumbnail","hentry","category-diy","category-inspiracje"],"yoast_head":"<!-- This site is optimized with the Yoast SEO plugin v27.3 - https:\/\/yoast.com\/product\/yoast-seo-wordpress\/ -->\n<title>\u015awi\u0105teczna dekoracja schod\u00f3w - E-blog by Eurofirany<\/title>\n<meta name=\"description\" content=\"Jak udekorowa\u0107, ozdobi\u0107 schody, por\u0119cz na Bo\u017ce Narodzenie, \u015bwi\u0119ta - Eurofirany. Pomys\u0142y na stylowe, \u015bwi\u0105teczne dekoracje schod\u00f3w.\" \/>\n<meta name=\"robots\" content=\"index, follow, max-snippet:-1, max-image-preview:large, max-video-preview:-1\" \/>\n<link rel=\"canonical\" href=\"https:\/\/www.eurofirany.com.pl\/blog\/swiateczna-dekoracja-schodow\" \/>\n<meta property=\"og:locale\" content=\"pl_PL\" \/>\n<meta property=\"og:type\" content=\"article\" \/>\n<meta property=\"og:title\" content=\"\u015awi\u0105teczna dekoracja schod\u00f3w - E-blog by Eurofirany\" \/>\n<meta property=\"og:description\" content=\"Jak udekorowa\u0107, ozdobi\u0107 schody, por\u0119cz na Bo\u017ce Narodzenie, \u015bwi\u0119ta - Eurofirany. Pomys\u0142y na stylowe, \u015bwi\u0105teczne dekoracje schod\u00f3w.\" \/>\n<meta property=\"og:url\" content=\"https:\/\/www.eurofirany.com.pl\/blog\/swiateczna-dekoracja-schodow\" \/>\n<meta property=\"og:site_name\" content=\"E-blog by Eurofirany\" \/>\n<meta property=\"article:published_time\" content=\"2024-11-16T07:13:37+00:00\" \/>\n<meta property=\"og:image\" content=\"https:\/\/www.eurofirany.com.pl\/blog\/wp-content\/uploads\/2024\/11\/63cbbfc9dbe8236289da477407c5356f.jpg\" \/>\n\t<meta property=\"og:image:width\" content=\"1200\" \/>\n\t<meta property=\"og:image:height\" content=\"1200\" \/>\n\t<meta property=\"og:image:type\" content=\"image\/jpeg\" \/>\n<meta name=\"author\" content=\"Izabela Konior - DIY\" \/>\n<meta name=\"twitter:card\" content=\"summary_large_image\" \/>\n<meta name=\"twitter:label1\" content=\"Napisane przez\" \/>\n\t<meta name=\"twitter:data1\" content=\"Izabela Konior - DIY\" \/>\n\t<meta name=\"twitter:label2\" content=\"Szacowany czas czytania\" \/>\n\t<meta name=\"twitter:data2\" content=\"5 minut\" \/>\n<script type=\"application\/ld+json\" class=\"yoast-schema-graph\">{\"@context\":\"https:\\\/\\\/schema.org\",\"@graph\":[{\"@type\":\"Article\",\"@id\":\"https:\\\/\\\/www.eurofirany.com.pl\\\/blog\\\/swiateczna-dekoracja-schodow#article\",\"isPartOf\":{\"@id\":\"https:\\\/\\\/www.eurofirany.com.pl\\\/blog\\\/swiateczna-dekoracja-schodow\"},\"author\":{\"name\":\"Izabela Konior - DIY\",\"@id\":\"https:\\\/\\\/www.eurofirany.com.pl\\\/blog\\\/#\\\/schema\\\/person\\\/5f98aaa67c3937a5ee9e5bdd5fbc8177\"},\"headline\":\"\u015awi\u0105teczna dekoracja schod\u00f3w\",\"datePublished\":\"2024-11-16T07:13:37+00:00\",\"mainEntityOfPage\":{\"@id\":\"https:\\\/\\\/www.eurofirany.com.pl\\\/blog\\\/swiateczna-dekoracja-schodow\"},\"wordCount\":980,\"commentCount\":0,\"publisher\":{\"@id\":\"https:\\\/\\\/www.eurofirany.com.pl\\\/blog\\\/#organization\"},\"image\":{\"@id\":\"https:\\\/\\\/www.eurofirany.com.pl\\\/blog\\\/swiateczna-dekoracja-schodow#primaryimage\"},\"thumbnailUrl\":\"https:\\\/\\\/www.eurofirany.com.pl\\\/blog\\\/wp-content\\\/uploads\\\/2024\\\/11\\\/63cbbfc9dbe8236289da477407c5356f.jpg\",\"articleSection\":[\"DIY\",\"Inspiracje\"],\"inLanguage\":\"pl-PL\",\"potentialAction\":[{\"@type\":\"CommentAction\",\"name\":\"Comment\",\"target\":[\"https:\\\/\\\/www.eurofirany.com.pl\\\/blog\\\/swiateczna-dekoracja-schodow#respond\"]}]},{\"@type\":\"WebPage\",\"@id\":\"https:\\\/\\\/www.eurofirany.com.pl\\\/blog\\\/swiateczna-dekoracja-schodow\",\"url\":\"https:\\\/\\\/www.eurofirany.com.pl\\\/blog\\\/swiateczna-dekoracja-schodow\",\"name\":\"\u015awi\u0105teczna dekoracja schod\u00f3w - E-blog by Eurofirany\",\"isPartOf\":{\"@id\":\"https:\\\/\\\/www.eurofirany.com.pl\\\/blog\\\/#website\"},\"primaryImageOfPage\":{\"@id\":\"https:\\\/\\\/www.eurofirany.com.pl\\\/blog\\\/swiateczna-dekoracja-schodow#primaryimage\"},\"image\":{\"@id\":\"https:\\\/\\\/www.eurofirany.com.pl\\\/blog\\\/swiateczna-dekoracja-schodow#primaryimage\"},\"thumbnailUrl\":\"https:\\\/\\\/www.eurofirany.com.pl\\\/blog\\\/wp-content\\\/uploads\\\/2024\\\/11\\\/63cbbfc9dbe8236289da477407c5356f.jpg\",\"datePublished\":\"2024-11-16T07:13:37+00:00\",\"description\":\"Jak udekorowa\u0107, ozdobi\u0107 schody, por\u0119cz na Bo\u017ce Narodzenie, \u015bwi\u0119ta - Eurofirany. Pomys\u0142y na stylowe, \u015bwi\u0105teczne dekoracje schod\u00f3w.\",\"breadcrumb\":{\"@id\":\"https:\\\/\\\/www.eurofirany.com.pl\\\/blog\\\/swiateczna-dekoracja-schodow#breadcrumb\"},\"inLanguage\":\"pl-PL\",\"potentialAction\":[{\"@type\":\"ReadAction\",\"target\":[\"https:\\\/\\\/www.eurofirany.com.pl\\\/blog\\\/swiateczna-dekoracja-schodow\"]}]},{\"@type\":\"ImageObject\",\"inLanguage\":\"pl-PL\",\"@id\":\"https:\\\/\\\/www.eurofirany.com.pl\\\/blog\\\/swiateczna-dekoracja-schodow#primaryimage\",\"url\":\"https:\\\/\\\/www.eurofirany.com.pl\\\/blog\\\/wp-content\\\/uploads\\\/2024\\\/11\\\/63cbbfc9dbe8236289da477407c5356f.jpg\",\"contentUrl\":\"https:\\\/\\\/www.eurofirany.com.pl\\\/blog\\\/wp-content\\\/uploads\\\/2024\\\/11\\\/63cbbfc9dbe8236289da477407c5356f.jpg\",\"width\":1200,\"height\":1200,\"caption\":\"jak udekorowa\u0107 schody na Bo\u017ce Narodzenie\"},{\"@type\":\"BreadcrumbList\",\"@id\":\"https:\\\/\\\/www.eurofirany.com.pl\\\/blog\\\/swiateczna-dekoracja-schodow#breadcrumb\",\"itemListElement\":[{\"@type\":\"ListItem\",\"position\":1,\"name\":\"Strona g\u0142\u00f3wna\",\"item\":\"https:\\\/\\\/www.eurofirany.com.pl\\\/blog\"},{\"@type\":\"ListItem\",\"position\":2,\"name\":\"\u015awi\u0105teczna dekoracja schod\u00f3w\"}]},{\"@type\":\"WebSite\",\"@id\":\"https:\\\/\\\/www.eurofirany.com.pl\\\/blog\\\/#website\",\"url\":\"https:\\\/\\\/www.eurofirany.com.pl\\\/blog\\\/\",\"name\":\"E-blog by Eurofirany\",\"description\":\"\",\"publisher\":{\"@id\":\"https:\\\/\\\/www.eurofirany.com.pl\\\/blog\\\/#organization\"},\"potentialAction\":[{\"@type\":\"SearchAction\",\"target\":{\"@type\":\"EntryPoint\",\"urlTemplate\":\"https:\\\/\\\/www.eurofirany.com.pl\\\/blog\\\/?s={search_term_string}\"},\"query-input\":{\"@type\":\"PropertyValueSpecification\",\"valueRequired\":true,\"valueName\":\"search_term_string\"}}],\"inLanguage\":\"pl-PL\"},{\"@type\":\"Organization\",\"@id\":\"https:\\\/\\\/www.eurofirany.com.pl\\\/blog\\\/#organization\",\"name\":\"Eurofirany\",\"url\":\"https:\\\/\\\/www.eurofirany.com.pl\\\/blog\\\/\",\"logo\":{\"@type\":\"ImageObject\",\"inLanguage\":\"pl-PL\",\"@id\":\"https:\\\/\\\/www.eurofirany.com.pl\\\/blog\\\/#\\\/schema\\\/logo\\\/image\\\/\",\"url\":\"https:\\\/\\\/www.eurofirany.com.pl\\\/blog\\\/wp-content\\\/uploads\\\/2017\\\/07\\\/logo.png\",\"contentUrl\":\"https:\\\/\\\/www.eurofirany.com.pl\\\/blog\\\/wp-content\\\/uploads\\\/2017\\\/07\\\/logo.png\",\"width\":428,\"height\":201,\"caption\":\"Eurofirany\"},\"image\":{\"@id\":\"https:\\\/\\\/www.eurofirany.com.pl\\\/blog\\\/#\\\/schema\\\/logo\\\/image\\\/\"}},{\"@type\":\"Person\",\"@id\":\"https:\\\/\\\/www.eurofirany.com.pl\\\/blog\\\/#\\\/schema\\\/person\\\/5f98aaa67c3937a5ee9e5bdd5fbc8177\",\"name\":\"Izabela Konior - DIY\",\"image\":{\"@type\":\"ImageObject\",\"inLanguage\":\"pl-PL\",\"@id\":\"https:\\\/\\\/secure.gravatar.com\\\/avatar\\\/9286504448f2a8e7e8c7785d3b587b3331b2f3856f19dfd504f4e7605a6c77dd?s=96&d=mm&r=g\",\"url\":\"https:\\\/\\\/secure.gravatar.com\\\/avatar\\\/9286504448f2a8e7e8c7785d3b587b3331b2f3856f19dfd504f4e7605a6c77dd?s=96&d=mm&r=g\",\"contentUrl\":\"https:\\\/\\\/secure.gravatar.com\\\/avatar\\\/9286504448f2a8e7e8c7785d3b587b3331b2f3856f19dfd504f4e7605a6c77dd?s=96&d=mm&r=g\",\"caption\":\"Izabela Konior - DIY\"},\"description\":\"Firanka, kwiatek, m\u0142otek, sznurek czy kawa\u0142ek tkaniny w jej r\u0119kach nabieraj\u0105 nowego znaczenia. Z niczego potrafi wyczarowa\u0107\u2026zawsze wielkie CO\u015a! Do tworzenia potrzebuje wyobra\u017ani, natchnienia i\u2026 przedmiot\u00f3w, kt\u00f3re akurat s\u0105 w zasi\u0119gu jej r\u0119ki. Nie ma znaczenia jakie produkty wykorzysta, na koniec i tak dostajemy zaskakuj\u0105cy i inspiruj\u0105cy pomys\u0142. Jej najwi\u0119kszymi fanami i pomocnikami s\u0105 dzieci: Julka i Kacper. Czas wolny sp\u0119dza z najbli\u017cszym, uwielbia teatr, wieczorne spacery i jazd\u0119 na rowerze. Prywatnie szcz\u0119\u015bliwa \u017cona i mama dw\u00f3jki nastolatk\u00f3w. Czasami jej si\u0119 jednak wydaje, \u017ce najwi\u0119cej do powiedzenia ma ich cudowny pies BOY. Na naszym blogu b\u0119dzie dzieli\u0107 si\u0119 z czytelnikami swoimi pomys\u0142ami i propozycjami dekoracyjnymi z kategorii DIY. Izabela zapraszam Wszystkich do tw\u00f3rczej pracy i zmiany. Je\u015bli chcesz zapyta\u0107 naszego eksperta o rad\u0119, wy\u015blij wiadomo\u015b\u0107 w poni\u017cszym formularzu.\",\"url\":\"https:\\\/\\\/www.eurofirany.com.pl\\\/blog\\\/author\\\/izabela-konior-diy\"}]}<\/script>\n<!-- \/ Yoast SEO plugin. -->","yoast_head_json":{"title":"\u015awi\u0105teczna dekoracja schod\u00f3w - E-blog by Eurofirany","description":"Jak udekorowa\u0107, ozdobi\u0107 schody, por\u0119cz na Bo\u017ce Narodzenie, \u015bwi\u0119ta - Eurofirany. Pomys\u0142y na stylowe, \u015bwi\u0105teczne dekoracje schod\u00f3w.","robots":{"index":"index","follow":"follow","max-snippet":"max-snippet:-1","max-image-preview":"max-image-preview:large","max-video-preview":"max-video-preview:-1"},"canonical":"https:\/\/www.eurofirany.com.pl\/blog\/swiateczna-dekoracja-schodow","og_locale":"pl_PL","og_type":"article","og_title":"\u015awi\u0105teczna dekoracja schod\u00f3w - E-blog by Eurofirany","og_description":"Jak udekorowa\u0107, ozdobi\u0107 schody, por\u0119cz na Bo\u017ce Narodzenie, \u015bwi\u0119ta - Eurofirany. Pomys\u0142y na stylowe, \u015bwi\u0105teczne dekoracje schod\u00f3w.","og_url":"https:\/\/www.eurofirany.com.pl\/blog\/swiateczna-dekoracja-schodow","og_site_name":"E-blog by Eurofirany","article_published_time":"2024-11-16T07:13:37+00:00","og_image":[{"width":1200,"height":1200,"url":"https:\/\/www.eurofirany.com.pl\/blog\/wp-content\/uploads\/2024\/11\/63cbbfc9dbe8236289da477407c5356f.jpg","type":"image\/jpeg"}],"author":"Izabela Konior - DIY","twitter_card":"summary_large_image","twitter_misc":{"Napisane przez":"Izabela Konior - DIY","Szacowany czas czytania":"5 minut"},"schema":{"@context":"https:\/\/schema.org","@graph":[{"@type":"Article","@id":"https:\/\/www.eurofirany.com.pl\/blog\/swiateczna-dekoracja-schodow#article","isPartOf":{"@id":"https:\/\/www.eurofirany.com.pl\/blog\/swiateczna-dekoracja-schodow"},"author":{"name":"Izabela Konior - DIY","@id":"https:\/\/www.eurofirany.com.pl\/blog\/#\/schema\/person\/5f98aaa67c3937a5ee9e5bdd5fbc8177"},"headline":"\u015awi\u0105teczna dekoracja schod\u00f3w","datePublished":"2024-11-16T07:13:37+00:00","mainEntityOfPage":{"@id":"https:\/\/www.eurofirany.com.pl\/blog\/swiateczna-dekoracja-schodow"},"wordCount":980,"commentCount":0,"publisher":{"@id":"https:\/\/www.eurofirany.com.pl\/blog\/#organization"},"image":{"@id":"https:\/\/www.eurofirany.com.pl\/blog\/swiateczna-dekoracja-schodow#primaryimage"},"thumbnailUrl":"https:\/\/www.eurofirany.com.pl\/blog\/wp-content\/uploads\/2024\/11\/63cbbfc9dbe8236289da477407c5356f.jpg","articleSection":["DIY","Inspiracje"],"inLanguage":"pl-PL","potentialAction":[{"@type":"CommentAction","name":"Comment","target":["https:\/\/www.eurofirany.com.pl\/blog\/swiateczna-dekoracja-schodow#respond"]}]},{"@type":"WebPage","@id":"https:\/\/www.eurofirany.com.pl\/blog\/swiateczna-dekoracja-schodow","url":"https:\/\/www.eurofirany.com.pl\/blog\/swiateczna-dekoracja-schodow","name":"\u015awi\u0105teczna dekoracja schod\u00f3w - E-blog by Eurofirany","isPartOf":{"@id":"https:\/\/www.eurofirany.com.pl\/blog\/#website"},"primaryImageOfPage":{"@id":"https:\/\/www.eurofirany.com.pl\/blog\/swiateczna-dekoracja-schodow#primaryimage"},"image":{"@id":"https:\/\/www.eurofirany.com.pl\/blog\/swiateczna-dekoracja-schodow#primaryimage"},"thumbnailUrl":"https:\/\/www.eurofirany.com.pl\/blog\/wp-content\/uploads\/2024\/11\/63cbbfc9dbe8236289da477407c5356f.jpg","datePublished":"2024-11-16T07:13:37+00:00","description":"Jak udekorowa\u0107, ozdobi\u0107 schody, por\u0119cz na Bo\u017ce Narodzenie, \u015bwi\u0119ta - Eurofirany. Pomys\u0142y na stylowe, \u015bwi\u0105teczne dekoracje schod\u00f3w.","breadcrumb":{"@id":"https:\/\/www.eurofirany.com.pl\/blog\/swiateczna-dekoracja-schodow#breadcrumb"},"inLanguage":"pl-PL","potentialAction":[{"@type":"ReadAction","target":["https:\/\/www.eurofirany.com.pl\/blog\/swiateczna-dekoracja-schodow"]}]},{"@type":"ImageObject","inLanguage":"pl-PL","@id":"https:\/\/www.eurofirany.com.pl\/blog\/swiateczna-dekoracja-schodow#primaryimage","url":"https:\/\/www.eurofirany.com.pl\/blog\/wp-content\/uploads\/2024\/11\/63cbbfc9dbe8236289da477407c5356f.jpg","contentUrl":"https:\/\/www.eurofirany.com.pl\/blog\/wp-content\/uploads\/2024\/11\/63cbbfc9dbe8236289da477407c5356f.jpg","width":1200,"height":1200,"caption":"jak udekorowa\u0107 schody na Bo\u017ce Narodzenie"},{"@type":"BreadcrumbList","@id":"https:\/\/www.eurofirany.com.pl\/blog\/swiateczna-dekoracja-schodow#breadcrumb","itemListElement":[{"@type":"ListItem","position":1,"name":"Strona g\u0142\u00f3wna","item":"https:\/\/www.eurofirany.com.pl\/blog"},{"@type":"ListItem","position":2,"name":"\u015awi\u0105teczna dekoracja schod\u00f3w"}]},{"@type":"WebSite","@id":"https:\/\/www.eurofirany.com.pl\/blog\/#website","url":"https:\/\/www.eurofirany.com.pl\/blog\/","name":"E-blog by Eurofirany","description":"","publisher":{"@id":"https:\/\/www.eurofirany.com.pl\/blog\/#organization"},"potentialAction":[{"@type":"SearchAction","target":{"@type":"EntryPoint","urlTemplate":"https:\/\/www.eurofirany.com.pl\/blog\/?s={search_term_string}"},"query-input":{"@type":"PropertyValueSpecification","valueRequired":true,"valueName":"search_term_string"}}],"inLanguage":"pl-PL"},{"@type":"Organization","@id":"https:\/\/www.eurofirany.com.pl\/blog\/#organization","name":"Eurofirany","url":"https:\/\/www.eurofirany.com.pl\/blog\/","logo":{"@type":"ImageObject","inLanguage":"pl-PL","@id":"https:\/\/www.eurofirany.com.pl\/blog\/#\/schema\/logo\/image\/","url":"https:\/\/www.eurofirany.com.pl\/blog\/wp-content\/uploads\/2017\/07\/logo.png","contentUrl":"https:\/\/www.eurofirany.com.pl\/blog\/wp-content\/uploads\/2017\/07\/logo.png","width":428,"height":201,"caption":"Eurofirany"},"image":{"@id":"https:\/\/www.eurofirany.com.pl\/blog\/#\/schema\/logo\/image\/"}},{"@type":"Person","@id":"https:\/\/www.eurofirany.com.pl\/blog\/#\/schema\/person\/5f98aaa67c3937a5ee9e5bdd5fbc8177","name":"Izabela Konior - DIY","image":{"@type":"ImageObject","inLanguage":"pl-PL","@id":"https:\/\/secure.gravatar.com\/avatar\/9286504448f2a8e7e8c7785d3b587b3331b2f3856f19dfd504f4e7605a6c77dd?s=96&d=mm&r=g","url":"https:\/\/secure.gravatar.com\/avatar\/9286504448f2a8e7e8c7785d3b587b3331b2f3856f19dfd504f4e7605a6c77dd?s=96&d=mm&r=g","contentUrl":"https:\/\/secure.gravatar.com\/avatar\/9286504448f2a8e7e8c7785d3b587b3331b2f3856f19dfd504f4e7605a6c77dd?s=96&d=mm&r=g","caption":"Izabela Konior - DIY"},"description":"Firanka, kwiatek, m\u0142otek, sznurek czy kawa\u0142ek tkaniny w jej r\u0119kach nabieraj\u0105 nowego znaczenia. Z niczego potrafi wyczarowa\u0107\u2026zawsze wielkie CO\u015a! Do tworzenia potrzebuje wyobra\u017ani, natchnienia i\u2026 przedmiot\u00f3w, kt\u00f3re akurat s\u0105 w zasi\u0119gu jej r\u0119ki. Nie ma znaczenia jakie produkty wykorzysta, na koniec i tak dostajemy zaskakuj\u0105cy i inspiruj\u0105cy pomys\u0142. Jej najwi\u0119kszymi fanami i pomocnikami s\u0105 dzieci: Julka i Kacper. Czas wolny sp\u0119dza z najbli\u017cszym, uwielbia teatr, wieczorne spacery i jazd\u0119 na rowerze. Prywatnie szcz\u0119\u015bliwa \u017cona i mama dw\u00f3jki nastolatk\u00f3w. Czasami jej si\u0119 jednak wydaje, \u017ce najwi\u0119cej do powiedzenia ma ich cudowny pies BOY. Na naszym blogu b\u0119dzie dzieli\u0107 si\u0119 z czytelnikami swoimi pomys\u0142ami i propozycjami dekoracyjnymi z kategorii DIY. Izabela zapraszam Wszystkich do tw\u00f3rczej pracy i zmiany. Je\u015bli chcesz zapyta\u0107 naszego eksperta o rad\u0119, wy\u015blij wiadomo\u015b\u0107 w poni\u017cszym formularzu.","url":"https:\/\/www.eurofirany.com.pl\/blog\/author\/izabela-konior-diy"}]}},"_links":{"self":[{"href":"https:\/\/www.eurofirany.com.pl\/blog\/wp-json\/wp\/v2\/posts\/17143","targetHints":{"allow":["GET"]}}],"collection":[{"href":"https:\/\/www.eurofirany.com.pl\/blog\/wp-json\/wp\/v2\/posts"}],"about":[{"href":"https:\/\/www.eurofirany.com.pl\/blog\/wp-json\/wp\/v2\/types\/post"}],"author":[{"embeddable":true,"href":"https:\/\/www.eurofirany.com.pl\/blog\/wp-json\/wp\/v2\/users\/12"}],"replies":[{"embeddable":true,"href":"https:\/\/www.eurofirany.com.pl\/blog\/wp-json\/wp\/v2\/comments?post=17143"}],"version-history":[{"count":4,"href":"https:\/\/www.eurofirany.com.pl\/blog\/wp-json\/wp\/v2\/posts\/17143\/revisions"}],"predecessor-version":[{"id":17154,"href":"https:\/\/www.eurofirany.com.pl\/blog\/wp-json\/wp\/v2\/posts\/17143\/revisions\/17154"}],"wp:featuredmedia":[{"embeddable":true,"href":"https:\/\/www.eurofirany.com.pl\/blog\/wp-json\/wp\/v2\/media\/17145"}],"wp:attachment":[{"href":"https:\/\/www.eurofirany.com.pl\/blog\/wp-json\/wp\/v2\/media?parent=17143"}],"wp:term":[{"taxonomy":"category","embeddable":true,"href":"https:\/\/www.eurofirany.com.pl\/blog\/wp-json\/wp\/v2\/categories?post=17143"},{"taxonomy":"post_tag","embeddable":true,"href":"https:\/\/www.eurofirany.com.pl\/blog\/wp-json\/wp\/v2\/tags?post=17143"}],"curies":[{"name":"wp","href":"https:\/\/api.w.org\/{rel}","templated":true}]}}