{"id":17606,"date":"2025-02-20T08:55:53","date_gmt":"2025-02-20T07:55:53","guid":{"rendered":"https:\/\/www.eurofirany.com.pl\/blog\/?p=17606"},"modified":"2025-02-19T22:10:09","modified_gmt":"2025-02-19T21:10:09","slug":"szary-z-bezem-we-wnetrzu-czy-to-dobre-polaczenie","status":"publish","type":"post","link":"https:\/\/www.eurofirany.com.pl\/blog\/szary-z-bezem-we-wnetrzu-czy-to-dobre-polaczenie","title":{"rendered":"Szary z be\u017cem we wn\u0119trzu &#8211; czy to dobre po\u0142\u0105czenie?"},"content":{"rendered":"<span class=\"span-reading-time rt-reading-time\" style=\"display: block;\"><span class=\"rt-label rt-prefix\">Czas czytania: <\/span> <span class=\"rt-time\"> 4<\/span> <span class=\"rt-label rt-postfix\">minuty<\/span><\/span><p style=\"text-align: justify;\"><strong>Ch\u0142odny odcie\u0144 szaro\u015bci i ciep\u0142y, przyjemny be\u017c \u2013 czy to pasuje? Owszem, te dwa z\u00a0pozoru kontrastowe kolory tworz\u0105 harmonijn\u0105 ca\u0142o\u015b\u0107. Ma\u0142o tego, ten duet sta\u0142 si\u0119 jednymi z najcz\u0119\u015bciej wybieranych barw do dekoracji mieszka\u0144. Szaro-be\u017cowa paleta, cz\u0119sto okre\u015blana mianem &#8222;greige&#8221; (z ang. grey + beige), to synonim elegancji, harmonii i ponadczasowo\u015bci. Jak zatem umiej\u0119tnie \u0142\u0105czy\u0107 te kolory we wn\u0119trzach? Mam dla ciebie kilka inspiruj\u0105cych przyk\u0142ad\u00f3w. Zobacz, czy szary pasuje do be\u017cu! \u00a0<\/strong><!--more--><\/p>\n<div class=\"su-spacer\" style=\"height:20px\"><\/div>\n<div class=\"su-spacer\" style=\"height:20px\"><\/div>\n<h2>Czy szary pasuje do be\u017cu? Salon w odcieniach greige w towarzystwie drewna<\/h2>\n<p>Szaro-be\u017cowa paleta doskonale sprawdza si\u0119 w salonach, tworz\u0105c przestrze\u0144 zar\u00f3wno eleganck\u0105, jak i przytuln\u0105. Uzyskanie ciep\u0142ej, przytulnej atmosfery u\u0142atwia wykorzystanie naturalnych materia\u0142\u00f3w, szczeg\u00f3lnie polecam drewno &#8211; ociepli wn\u0119trze i\u00a0nada mu niepowtarzalnego uroku. Je\u015bli salon \u2013 to musi by\u0107 wygodna kanapa. Szara kanapa, kt\u00f3r\u0105 warto udekorowa\u0107 poduszkami w ciemniejszym odcieniu szaro\u015bci. Mi\u0119kki welwet poszewek podkre\u015bl ich elegancki charakter, a b\u0142yszcz\u0105cy, metaliczny nadruk li\u015bci nada wn\u0119trzu subtelnego blasku. Drewniana prosta \u0142awa dodatkowo wprowadzi naturaln\u0105 tekstur\u0119 i ciep\u0142o. W drewnianej ramie jest r\u00f3wnie\u017c obraz na \u015bcianie, kt\u00f3ry harmonijnie wpisuje si\u0119 w ca\u0142o\u015b\u0107, dodaj\u0105c wn\u0119trzu stylu i elegancji. Aby dope\u0142ni\u0107 aran\u017cacj\u0119, warto zadba\u0107 o dekoracyjne akcenty. Wazony w kolorze drewna, figurki i dekoracje w odcieniach br\u0105zu, doskonale wsp\u00f3\u0142graj\u0105 z ca\u0142o\u015bci\u0105 wystroju, dodaj\u0105 szlachetno\u015bci, prze\u0142amuj\u0105c neutralno\u015b\u0107 greige ciemniejszymi akcentami.<\/p>\n<div class=\"su-spacer\" style=\"height:20px\"><\/div>\n<p><a href=\"https:\/\/www.eurofirany.com.pl\/p\/poduszka-anele-z-miekkiego-welwetu-w-kontrastujacym-zestawieniu-posiada-wypelnienie-67104\"><img loading=\"lazy\" decoding=\"async\" class=\"alignleft size-full wp-image-17609\" src=\"https:\/\/www.eurofirany.com.pl\/blog\/wp-content\/uploads\/2025\/02\/36614499c079e1a54b94d1814c46f37c.jpg\" alt=\"czy szary pasuje do be\u017cu\" width=\"1200\" height=\"1200\" \/><\/a><\/p>\n<div class=\"su-spacer\" style=\"height:20px\"><\/div>\n<h2>Czy szary pasuje do be\u017cu? Salon z kremow\u0105 kanap\u0105<\/h2>\n<p>Szary pasuje do be\u017cu, ma\u0142o tego zestawienie tych dw\u00f3ch barw potrafi doda\u0107 wn\u0119trzu klasy, subtelnej elegancji i przytulno\u015bci. Szaro\u015b\u0107 na \u015bcianach to doskona\u0142a baza dla r\u00f3\u017cnych styl\u00f3w aran\u017cacyjnych i idealne t\u0142o dla kremowej kanapy, kt\u00f3ra pi\u0119knie kontrastuje z szarymi \u015bcianami, dodaj\u0105c przestrzeni ciep\u0142a i przytulno\u015bci. Aby wzmocni\u0107 efekt, dodaj kilka poduszek o ciekawej fakturze czy kolorze. Dodatkowym elementem ocieplaj\u0105cym aran\u017cacj\u0119 b\u0119dzie mi\u0119kki pled, nonszalancko rzucony na bok naszej kanapy.<\/p>\n<div class=\"su-spacer\" style=\"height:20px\"><\/div>\n<p><a href=\"https:\/\/www.eurofirany.com.pl\/p\/recznie-malowany-obraz-na-plotnie-w-stylu-boho-97994\"><img loading=\"lazy\" decoding=\"async\" class=\"alignleft size-full wp-image-17610\" src=\"https:\/\/www.eurofirany.com.pl\/blog\/wp-content\/uploads\/2025\/02\/bbf4198caf9d755b8eb988ed582856c71-1.jpg\" alt=\"szary z be\u017cem czy pasuje\" width=\"1200\" height=\"1200\" \/><\/a><\/p>\n<div class=\"su-spacer\" style=\"height:20px\"><\/div>\n<p>Aby salon nabra\u0142 charakteru, warto postawi\u0107 na ciekawy stolik kawowy. Model z kamiennym blatem w odcieniach szaro\u015bci i be\u017cu wprowadzi do wn\u0119trza elegancki, nieco surowy akcent, kt\u00f3ry pi\u0119knie skontrastuje z mi\u0119kkimi tkaninami kanapy. Na blacie mo\u017cemy ustawi\u0107 szklany wazon z delikatnymi ga\u0142\u0105zkami \u2013 prosty, ale efektowny detal, kt\u00f3ry doda wn\u0119trzu lekko\u015bci. Monochromatyczno\u015b\u0107 aran\u017cacji, prze\u0142amie nietuzinkowy obraz w stylu boho. Ciekawa technika jego wykonania \u2013 \u0142\u0105cz\u0105ca szpachl\u0119 malarsk\u0105 i farb\u0119 \u2013 sprawia, \u017ce dekoracja staje si\u0119 wyj\u0105tkowym elementem, kt\u00f3ry przyci\u0105ga wzrok i dodaje wn\u0119trzu artystycznego wyrazu.<br \/>\n<div class=\"su-spacer\" style=\"height:20px\"><\/div>\n<h2>Czy be\u017cowy pasuje do szarego? Szary salon z be\u017cowymi zas\u0142onami<\/h2>\n<p>Szaro\u015b\u0107 i be\u017c mo\u017cna r\u00f3wnie\u017c wykorzysta\u0107 w bardziej luksusowych aran\u017cacjach. Szare \u015bciany zdobione sztukateri\u0105 dodaj\u0105 wn\u0119trzu charakteru i podkre\u015blaj\u0105 jego ekskluzywno\u015b\u0107. Szara, welurowa kanapa to doskona\u0142y wyb\u00f3r dla tych, kt\u00f3rzy ceni\u0105 komfort i wyrafinowany wygl\u0105d. Aby dope\u0142ni\u0107 aran\u017cacj\u0119, warto si\u0119gn\u0105\u0107 po stylowe fotele w odcieniach szaro\u015bci, kt\u00f3re doskonale wpisz\u0105 si\u0119 w ten elegancki klimat. Chcesz stworzy\u0107 salon w stylu glamour? Wystarczy uzupe\u0142ni\u0107 wn\u0119trze z szarymi \u015bcianami i\u00a0meblami, efektownymi, be\u017cowymi zas\u0142onami ze z\u0142otym nadrukiem. Taki zestaw to gwarancja stylowego i przytulnego wn\u0119trza. Kluczowe jest zachowanie proporcji mi\u0119dzy barwami. Szaro\u015b\u0107 powinna stanowi\u0107 baz\u0119, a be\u017cowe dodatki \u2013 delikatnie ociepla\u0107 przestrze\u0144. Trzymaj si\u0119 tych zasad, a stworzy wyrafinowan\u0105 i eleganck\u0105 przestrze\u0144.<\/p>\n<div class=\"su-spacer\" style=\"height:20px\"><\/div>\n<p><a href=\"https:\/\/www.eurofirany.com.pl\/p\/zaslona-melody-z-miekkiego-welwetu-ze-zlocistym-nadrukiem-z-efektem-3d-70869\"><img loading=\"lazy\" decoding=\"async\" class=\"alignleft size-full wp-image-17611\" src=\"https:\/\/www.eurofirany.com.pl\/blog\/wp-content\/uploads\/2025\/02\/dc5d429c7e9aafd9be2da828d123dff9.jpg\" alt=\"czy be\u017cowy pasuje do szarego\" width=\"1200\" height=\"687\" \/><\/a><\/p>\n<div class=\"su-spacer\" style=\"height:20px\"><\/div>\n<h2>Szary z be\u017cem we wn\u0119trzu z domieszk\u0105 vintage<\/h2>\n<p>Bardzo ciekawym po\u0142\u0105czeniem jest salon w barwach szaro-be\u017cowych z\u00a0akcentami vintage. Przestrze\u0144 nabiera g\u0142\u0119bi i niepowtarzalnego stylu. Jak tego dokona\u0107? Wystarczy kilka odpowiednich element\u00f3w i dodatk\u00f3w. Przede wszystkim meble. Meble z dusz\u0105 to podstawa aran\u017cacji vintage. Doskona\u0142ym wyborem b\u0119dzie czarne krzes\u0142o z\u00a0rattanowym siedziskiem, nawi\u0105zuj\u0105ce do stylu lat 60. Lekka, a\u017curowa konstrukcja sprawia, \u017ce mebel jest zar\u00f3wno funkcjonalny, jak i estetyczny. Ciekawym rozwi\u0105zaniem jest r\u00f3wnie\u017c czarny rega\u0142 \u2013 prosty, ale efektowny mebel, kt\u00f3ry \u015bwietnie wpisuje si\u0119 w stylistyk\u0119 vintage. Mo\u017cna na nim u\u0142o\u017cy\u0107 ksi\u0105\u017cki, dekoracje, pami\u0105tki, kwiaty czy inne bibeloty. Wn\u0119trzu wyrazisto\u015bci z pewno\u015bci\u0105 dodadz\u0105 obrazy, przedstawiaj\u0105ce pejza\u017c miasta. Umieszczone w czarnych, minimalistycznych ramach b\u0119d\u0105 kontrastowa\u0107 z jasnym t\u0142em, dodaj\u0105c przestrzeni elegancji i g\u0142\u0119bi.<\/p>\n<div class=\"su-spacer\" style=\"height:20px\"><\/div>\n<p><a href=\"https:\/\/www.eurofirany.com.pl\/p\/obraz-recznie-malowany-na-plotnie-pejzaz-miasta-oprawiony-w-rame-98003\"><img loading=\"lazy\" decoding=\"async\" class=\"alignleft size-full wp-image-17612\" src=\"https:\/\/www.eurofirany.com.pl\/blog\/wp-content\/uploads\/2025\/02\/obrazy-fotel-ro\u015bliny-p\u00f3\u0142ka.jpg\" alt=\"czy be\u017cowy pasuje do szarego\" width=\"1200\" height=\"1200\" \/><\/a><\/p>\n<div class=\"su-spacer\" style=\"height:20px\"><\/div>\n<h2>Salon w odcieniach greige z akcentami w ciep\u0142ych barwach<\/h2>\n<p>Szaro-be\u017cowa baza pozwala na \u0142atwe wprowadzenie dodatkowych kolor\u00f3w. Aby wn\u0119trze nabra\u0142o charakteru, warto doda\u0107 akcenty w ciep\u0142ych odcieniach, takich jak rdza, butelkowa ziele\u0144 czy bordo. Aby nieco prze\u0142ama\u0107 dominuj\u0105c\u0105 palet\u0119 barw i\u00a0doda\u0107 wn\u0119trzu \u015bwie\u017co\u015bci, warto wprowadzi\u0107 delikatne akcenty w odcieniach b\u0142\u0119kitu. Mog\u0105 to by\u0107 poduszki, ceramika lub subtelne elementy dekoracyjne. B\u0142\u0119kit pi\u0119knie kontrastuje z ciep\u0142ymi barwami i dodaje wn\u0119trzu lekko\u015bci, jednocze\u015bnie zachowuj\u0105c jego elegancki charakter. \u015aciany salonu mo\u017cna ozdobi\u0107 obrazem przedstawiaj\u0105cym kwiaty, kt\u00f3ry zosta\u0142 wyko\u0144czony l\u015bni\u0105cym brokatem. Salon urz\u0105dzony w odcieniach greige z ciep\u0142ymi akcentami to synonim klasy i przytulno\u015bci. Dzi\u0119ki umiej\u0119tnie dobranym dodatkom, przestrze\u0144 zyskuje indywidualny charakter. To wn\u0119trze, kt\u00f3re sprzyja relaksowi i jednocze\u015bnie zachwyca swoj\u0105 ponadczasow\u0105 estetyk\u0105.<\/p>\n<p>&nbsp;<\/p>\n","protected":false},"excerpt":{"rendered":"<p><span class=\"span-reading-time rt-reading-time\" style=\"display: block;\"><span class=\"rt-label rt-prefix\">Czas czytania: <\/span> <span class=\"rt-time\"> 4<\/span> <span class=\"rt-label rt-postfix\">minuty<\/span><\/span>Ch\u0142odny odcie\u0144 szaro\u015bci i ciep\u0142y, przyjemny be\u017c \u2013 czy to pasuje? Owszem, te dwa z\u00a0pozoru kontrastowe kolory tworz\u0105 harmonijn\u0105 ca\u0142o\u015b\u0107. Ma\u0142o tego, ten duet sta\u0142 si\u0119 jednymi z najcz\u0119\u015bciej wybieranych barw do dekoracji mieszka\u0144. Szaro-be\u017cowa paleta, cz\u0119sto okre\u015blana mianem &#8222;greige&#8221; [&hellip;]<\/p>\n","protected":false},"author":8,"featured_media":17608,"comment_status":"open","ping_status":"open","sticky":false,"template":"","format":"standard","meta":{"footnotes":""},"categories":[208],"tags":[],"class_list":["post-17606","post","type-post","status-publish","format-standard","has-post-thumbnail","hentry","category-okiem-projektanta"],"yoast_head":"<!-- This site is optimized with the Yoast SEO plugin v27.3 - https:\/\/yoast.com\/product\/yoast-seo-wordpress\/ -->\n<title>Szary z be\u017cem we wn\u0119trzu - czy to dobre po\u0142\u0105czenie? - E-blog by Eurofirany<\/title>\n<meta name=\"description\" content=\"Szary z be\u017cem - czy be\u017cowy pasuje do szarego, szary do be\u017cu- Eurofirany\" \/>\n<meta name=\"robots\" content=\"index, follow, max-snippet:-1, max-image-preview:large, max-video-preview:-1\" \/>\n<link rel=\"canonical\" href=\"https:\/\/www.eurofirany.com.pl\/blog\/szary-z-bezem-we-wnetrzu-czy-to-dobre-polaczenie\" \/>\n<meta property=\"og:locale\" content=\"pl_PL\" \/>\n<meta property=\"og:type\" content=\"article\" \/>\n<meta property=\"og:title\" content=\"Szary z be\u017cem we wn\u0119trzu - czy to dobre po\u0142\u0105czenie? - E-blog by Eurofirany\" \/>\n<meta property=\"og:description\" content=\"Szary z be\u017cem - czy be\u017cowy pasuje do szarego, szary do be\u017cu- Eurofirany\" \/>\n<meta property=\"og:url\" content=\"https:\/\/www.eurofirany.com.pl\/blog\/szary-z-bezem-we-wnetrzu-czy-to-dobre-polaczenie\" \/>\n<meta property=\"og:site_name\" content=\"E-blog by Eurofirany\" \/>\n<meta property=\"article:published_time\" content=\"2025-02-20T07:55:53+00:00\" \/>\n<meta property=\"og:image\" content=\"https:\/\/www.eurofirany.com.pl\/blog\/wp-content\/uploads\/2025\/02\/2da814f02e4ec07c8dc89c3cd487b031.jpg\" \/>\n\t<meta property=\"og:image:width\" content=\"1200\" \/>\n\t<meta property=\"og:image:height\" content=\"1200\" \/>\n\t<meta property=\"og:image:type\" content=\"image\/jpeg\" \/>\n<meta name=\"author\" content=\"Jowita \u0141abys - dekoratorka\" \/>\n<meta name=\"twitter:card\" content=\"summary_large_image\" \/>\n<meta name=\"twitter:label1\" content=\"Napisane przez\" \/>\n\t<meta name=\"twitter:data1\" content=\"Jowita \u0141abys - dekoratorka\" \/>\n\t<meta name=\"twitter:label2\" content=\"Szacowany czas czytania\" \/>\n\t<meta name=\"twitter:data2\" content=\"5 minut\" \/>\n<script type=\"application\/ld+json\" class=\"yoast-schema-graph\">{\"@context\":\"https:\\\/\\\/schema.org\",\"@graph\":[{\"@type\":\"Article\",\"@id\":\"https:\\\/\\\/www.eurofirany.com.pl\\\/blog\\\/szary-z-bezem-we-wnetrzu-czy-to-dobre-polaczenie#article\",\"isPartOf\":{\"@id\":\"https:\\\/\\\/www.eurofirany.com.pl\\\/blog\\\/szary-z-bezem-we-wnetrzu-czy-to-dobre-polaczenie\"},\"author\":{\"name\":\"Jowita \u0141abys - dekoratorka\",\"@id\":\"https:\\\/\\\/www.eurofirany.com.pl\\\/blog\\\/#\\\/schema\\\/person\\\/c7d556332db4a21ba69be9a1dbd20740\"},\"headline\":\"Szary z be\u017cem we wn\u0119trzu &#8211; czy to dobre po\u0142\u0105czenie?\",\"datePublished\":\"2025-02-20T07:55:53+00:00\",\"mainEntityOfPage\":{\"@id\":\"https:\\\/\\\/www.eurofirany.com.pl\\\/blog\\\/szary-z-bezem-we-wnetrzu-czy-to-dobre-polaczenie\"},\"wordCount\":935,\"commentCount\":0,\"publisher\":{\"@id\":\"https:\\\/\\\/www.eurofirany.com.pl\\\/blog\\\/#organization\"},\"image\":{\"@id\":\"https:\\\/\\\/www.eurofirany.com.pl\\\/blog\\\/szary-z-bezem-we-wnetrzu-czy-to-dobre-polaczenie#primaryimage\"},\"thumbnailUrl\":\"https:\\\/\\\/www.eurofirany.com.pl\\\/blog\\\/wp-content\\\/uploads\\\/2025\\\/02\\\/2da814f02e4ec07c8dc89c3cd487b031.jpg\",\"articleSection\":[\"Okiem projektanta\"],\"inLanguage\":\"pl-PL\",\"potentialAction\":[{\"@type\":\"CommentAction\",\"name\":\"Comment\",\"target\":[\"https:\\\/\\\/www.eurofirany.com.pl\\\/blog\\\/szary-z-bezem-we-wnetrzu-czy-to-dobre-polaczenie#respond\"]}]},{\"@type\":\"WebPage\",\"@id\":\"https:\\\/\\\/www.eurofirany.com.pl\\\/blog\\\/szary-z-bezem-we-wnetrzu-czy-to-dobre-polaczenie\",\"url\":\"https:\\\/\\\/www.eurofirany.com.pl\\\/blog\\\/szary-z-bezem-we-wnetrzu-czy-to-dobre-polaczenie\",\"name\":\"Szary z be\u017cem we wn\u0119trzu - czy to dobre po\u0142\u0105czenie? - E-blog by Eurofirany\",\"isPartOf\":{\"@id\":\"https:\\\/\\\/www.eurofirany.com.pl\\\/blog\\\/#website\"},\"primaryImageOfPage\":{\"@id\":\"https:\\\/\\\/www.eurofirany.com.pl\\\/blog\\\/szary-z-bezem-we-wnetrzu-czy-to-dobre-polaczenie#primaryimage\"},\"image\":{\"@id\":\"https:\\\/\\\/www.eurofirany.com.pl\\\/blog\\\/szary-z-bezem-we-wnetrzu-czy-to-dobre-polaczenie#primaryimage\"},\"thumbnailUrl\":\"https:\\\/\\\/www.eurofirany.com.pl\\\/blog\\\/wp-content\\\/uploads\\\/2025\\\/02\\\/2da814f02e4ec07c8dc89c3cd487b031.jpg\",\"datePublished\":\"2025-02-20T07:55:53+00:00\",\"description\":\"Szary z be\u017cem - czy be\u017cowy pasuje do szarego, szary do be\u017cu- Eurofirany\",\"breadcrumb\":{\"@id\":\"https:\\\/\\\/www.eurofirany.com.pl\\\/blog\\\/szary-z-bezem-we-wnetrzu-czy-to-dobre-polaczenie#breadcrumb\"},\"inLanguage\":\"pl-PL\",\"potentialAction\":[{\"@type\":\"ReadAction\",\"target\":[\"https:\\\/\\\/www.eurofirany.com.pl\\\/blog\\\/szary-z-bezem-we-wnetrzu-czy-to-dobre-polaczenie\"]}]},{\"@type\":\"ImageObject\",\"inLanguage\":\"pl-PL\",\"@id\":\"https:\\\/\\\/www.eurofirany.com.pl\\\/blog\\\/szary-z-bezem-we-wnetrzu-czy-to-dobre-polaczenie#primaryimage\",\"url\":\"https:\\\/\\\/www.eurofirany.com.pl\\\/blog\\\/wp-content\\\/uploads\\\/2025\\\/02\\\/2da814f02e4ec07c8dc89c3cd487b031.jpg\",\"contentUrl\":\"https:\\\/\\\/www.eurofirany.com.pl\\\/blog\\\/wp-content\\\/uploads\\\/2025\\\/02\\\/2da814f02e4ec07c8dc89c3cd487b031.jpg\",\"width\":1200,\"height\":1200,\"caption\":\"\"},{\"@type\":\"BreadcrumbList\",\"@id\":\"https:\\\/\\\/www.eurofirany.com.pl\\\/blog\\\/szary-z-bezem-we-wnetrzu-czy-to-dobre-polaczenie#breadcrumb\",\"itemListElement\":[{\"@type\":\"ListItem\",\"position\":1,\"name\":\"Strona g\u0142\u00f3wna\",\"item\":\"https:\\\/\\\/www.eurofirany.com.pl\\\/blog\"},{\"@type\":\"ListItem\",\"position\":2,\"name\":\"Szary z be\u017cem we wn\u0119trzu &#8211; czy to dobre po\u0142\u0105czenie?\"}]},{\"@type\":\"WebSite\",\"@id\":\"https:\\\/\\\/www.eurofirany.com.pl\\\/blog\\\/#website\",\"url\":\"https:\\\/\\\/www.eurofirany.com.pl\\\/blog\\\/\",\"name\":\"E-blog by Eurofirany\",\"description\":\"\",\"publisher\":{\"@id\":\"https:\\\/\\\/www.eurofirany.com.pl\\\/blog\\\/#organization\"},\"potentialAction\":[{\"@type\":\"SearchAction\",\"target\":{\"@type\":\"EntryPoint\",\"urlTemplate\":\"https:\\\/\\\/www.eurofirany.com.pl\\\/blog\\\/?s={search_term_string}\"},\"query-input\":{\"@type\":\"PropertyValueSpecification\",\"valueRequired\":true,\"valueName\":\"search_term_string\"}}],\"inLanguage\":\"pl-PL\"},{\"@type\":\"Organization\",\"@id\":\"https:\\\/\\\/www.eurofirany.com.pl\\\/blog\\\/#organization\",\"name\":\"Eurofirany\",\"url\":\"https:\\\/\\\/www.eurofirany.com.pl\\\/blog\\\/\",\"logo\":{\"@type\":\"ImageObject\",\"inLanguage\":\"pl-PL\",\"@id\":\"https:\\\/\\\/www.eurofirany.com.pl\\\/blog\\\/#\\\/schema\\\/logo\\\/image\\\/\",\"url\":\"https:\\\/\\\/www.eurofirany.com.pl\\\/blog\\\/wp-content\\\/uploads\\\/2017\\\/07\\\/logo.png\",\"contentUrl\":\"https:\\\/\\\/www.eurofirany.com.pl\\\/blog\\\/wp-content\\\/uploads\\\/2017\\\/07\\\/logo.png\",\"width\":428,\"height\":201,\"caption\":\"Eurofirany\"},\"image\":{\"@id\":\"https:\\\/\\\/www.eurofirany.com.pl\\\/blog\\\/#\\\/schema\\\/logo\\\/image\\\/\"}},{\"@type\":\"Person\",\"@id\":\"https:\\\/\\\/www.eurofirany.com.pl\\\/blog\\\/#\\\/schema\\\/person\\\/c7d556332db4a21ba69be9a1dbd20740\",\"name\":\"Jowita \u0141abys - dekoratorka\",\"image\":{\"@type\":\"ImageObject\",\"inLanguage\":\"pl-PL\",\"@id\":\"https:\\\/\\\/secure.gravatar.com\\\/avatar\\\/96e28c4b41752b60a7d6809d852d6791fc995d093386cb6b8a35997ac73cf53c?s=96&d=mm&r=g\",\"url\":\"https:\\\/\\\/secure.gravatar.com\\\/avatar\\\/96e28c4b41752b60a7d6809d852d6791fc995d093386cb6b8a35997ac73cf53c?s=96&d=mm&r=g\",\"contentUrl\":\"https:\\\/\\\/secure.gravatar.com\\\/avatar\\\/96e28c4b41752b60a7d6809d852d6791fc995d093386cb6b8a35997ac73cf53c?s=96&d=mm&r=g\",\"caption\":\"Jowita \u0141abys - dekoratorka\"},\"description\":\"Wszystko zacz\u0119\u0142o si\u0119 niewinnie. Pierwszym projektem Jowity by\u0142o jej w\u0142asne mieszkanie. Od tego momentu pokocha\u0142a stylizacj\u0119 wn\u0119trz. I tak ju\u017c zosta\u0142o \u2026 od czternastu lat! Ta praca jest jednocze\u015bnie jej najwi\u0119ksz\u0105 pasj\u0105. Czego potwierdzeniem jest kilkaset zadowolonych klient\u00f3w. Zami\u0142owanie do niepowtarzalnych pomys\u0142\u00f3w \u0142\u0105czy z pasj\u0105 do wzornictwa. W jej torebce mo\u017cna odnale\u017a\u0107 nie tylko szmink\u0119 czy perfumy, ale tak\u017ce centymetr, pr\u00f3bki tkanin i kolor\u00f3w oraz\u2026 krawieckie no\u017cyczki. Czas wolny sp\u0119dza na spacerach z psem, ogl\u0105daj\u0105c dobry film lub po prostu w gronie przyjaci\u00f3\u0142. Na naszym blogu prowadzi k\u0105cik: Wn\u0119trzarskie Style i Trendy. Je\u015bli chcesz zapyta\u0107 naszego eksperta o rad\u0119, wy\u015blij wiadomo\u015b\u0107 w poni\u017cszym formularzu.\",\"url\":\"https:\\\/\\\/www.eurofirany.com.pl\\\/blog\\\/author\\\/jowita-labys\"}]}<\/script>\n<!-- \/ Yoast SEO plugin. -->","yoast_head_json":{"title":"Szary z be\u017cem we wn\u0119trzu - czy to dobre po\u0142\u0105czenie? - E-blog by Eurofirany","description":"Szary z be\u017cem - czy be\u017cowy pasuje do szarego, szary do be\u017cu- Eurofirany","robots":{"index":"index","follow":"follow","max-snippet":"max-snippet:-1","max-image-preview":"max-image-preview:large","max-video-preview":"max-video-preview:-1"},"canonical":"https:\/\/www.eurofirany.com.pl\/blog\/szary-z-bezem-we-wnetrzu-czy-to-dobre-polaczenie","og_locale":"pl_PL","og_type":"article","og_title":"Szary z be\u017cem we wn\u0119trzu - czy to dobre po\u0142\u0105czenie? - E-blog by Eurofirany","og_description":"Szary z be\u017cem - czy be\u017cowy pasuje do szarego, szary do be\u017cu- Eurofirany","og_url":"https:\/\/www.eurofirany.com.pl\/blog\/szary-z-bezem-we-wnetrzu-czy-to-dobre-polaczenie","og_site_name":"E-blog by Eurofirany","article_published_time":"2025-02-20T07:55:53+00:00","og_image":[{"width":1200,"height":1200,"url":"https:\/\/www.eurofirany.com.pl\/blog\/wp-content\/uploads\/2025\/02\/2da814f02e4ec07c8dc89c3cd487b031.jpg","type":"image\/jpeg"}],"author":"Jowita \u0141abys - dekoratorka","twitter_card":"summary_large_image","twitter_misc":{"Napisane przez":"Jowita \u0141abys - dekoratorka","Szacowany czas czytania":"5 minut"},"schema":{"@context":"https:\/\/schema.org","@graph":[{"@type":"Article","@id":"https:\/\/www.eurofirany.com.pl\/blog\/szary-z-bezem-we-wnetrzu-czy-to-dobre-polaczenie#article","isPartOf":{"@id":"https:\/\/www.eurofirany.com.pl\/blog\/szary-z-bezem-we-wnetrzu-czy-to-dobre-polaczenie"},"author":{"name":"Jowita \u0141abys - dekoratorka","@id":"https:\/\/www.eurofirany.com.pl\/blog\/#\/schema\/person\/c7d556332db4a21ba69be9a1dbd20740"},"headline":"Szary z be\u017cem we wn\u0119trzu &#8211; czy to dobre po\u0142\u0105czenie?","datePublished":"2025-02-20T07:55:53+00:00","mainEntityOfPage":{"@id":"https:\/\/www.eurofirany.com.pl\/blog\/szary-z-bezem-we-wnetrzu-czy-to-dobre-polaczenie"},"wordCount":935,"commentCount":0,"publisher":{"@id":"https:\/\/www.eurofirany.com.pl\/blog\/#organization"},"image":{"@id":"https:\/\/www.eurofirany.com.pl\/blog\/szary-z-bezem-we-wnetrzu-czy-to-dobre-polaczenie#primaryimage"},"thumbnailUrl":"https:\/\/www.eurofirany.com.pl\/blog\/wp-content\/uploads\/2025\/02\/2da814f02e4ec07c8dc89c3cd487b031.jpg","articleSection":["Okiem projektanta"],"inLanguage":"pl-PL","potentialAction":[{"@type":"CommentAction","name":"Comment","target":["https:\/\/www.eurofirany.com.pl\/blog\/szary-z-bezem-we-wnetrzu-czy-to-dobre-polaczenie#respond"]}]},{"@type":"WebPage","@id":"https:\/\/www.eurofirany.com.pl\/blog\/szary-z-bezem-we-wnetrzu-czy-to-dobre-polaczenie","url":"https:\/\/www.eurofirany.com.pl\/blog\/szary-z-bezem-we-wnetrzu-czy-to-dobre-polaczenie","name":"Szary z be\u017cem we wn\u0119trzu - czy to dobre po\u0142\u0105czenie? - E-blog by Eurofirany","isPartOf":{"@id":"https:\/\/www.eurofirany.com.pl\/blog\/#website"},"primaryImageOfPage":{"@id":"https:\/\/www.eurofirany.com.pl\/blog\/szary-z-bezem-we-wnetrzu-czy-to-dobre-polaczenie#primaryimage"},"image":{"@id":"https:\/\/www.eurofirany.com.pl\/blog\/szary-z-bezem-we-wnetrzu-czy-to-dobre-polaczenie#primaryimage"},"thumbnailUrl":"https:\/\/www.eurofirany.com.pl\/blog\/wp-content\/uploads\/2025\/02\/2da814f02e4ec07c8dc89c3cd487b031.jpg","datePublished":"2025-02-20T07:55:53+00:00","description":"Szary z be\u017cem - czy be\u017cowy pasuje do szarego, szary do be\u017cu- Eurofirany","breadcrumb":{"@id":"https:\/\/www.eurofirany.com.pl\/blog\/szary-z-bezem-we-wnetrzu-czy-to-dobre-polaczenie#breadcrumb"},"inLanguage":"pl-PL","potentialAction":[{"@type":"ReadAction","target":["https:\/\/www.eurofirany.com.pl\/blog\/szary-z-bezem-we-wnetrzu-czy-to-dobre-polaczenie"]}]},{"@type":"ImageObject","inLanguage":"pl-PL","@id":"https:\/\/www.eurofirany.com.pl\/blog\/szary-z-bezem-we-wnetrzu-czy-to-dobre-polaczenie#primaryimage","url":"https:\/\/www.eurofirany.com.pl\/blog\/wp-content\/uploads\/2025\/02\/2da814f02e4ec07c8dc89c3cd487b031.jpg","contentUrl":"https:\/\/www.eurofirany.com.pl\/blog\/wp-content\/uploads\/2025\/02\/2da814f02e4ec07c8dc89c3cd487b031.jpg","width":1200,"height":1200,"caption":""},{"@type":"BreadcrumbList","@id":"https:\/\/www.eurofirany.com.pl\/blog\/szary-z-bezem-we-wnetrzu-czy-to-dobre-polaczenie#breadcrumb","itemListElement":[{"@type":"ListItem","position":1,"name":"Strona g\u0142\u00f3wna","item":"https:\/\/www.eurofirany.com.pl\/blog"},{"@type":"ListItem","position":2,"name":"Szary z be\u017cem we wn\u0119trzu &#8211; czy to dobre po\u0142\u0105czenie?"}]},{"@type":"WebSite","@id":"https:\/\/www.eurofirany.com.pl\/blog\/#website","url":"https:\/\/www.eurofirany.com.pl\/blog\/","name":"E-blog by Eurofirany","description":"","publisher":{"@id":"https:\/\/www.eurofirany.com.pl\/blog\/#organization"},"potentialAction":[{"@type":"SearchAction","target":{"@type":"EntryPoint","urlTemplate":"https:\/\/www.eurofirany.com.pl\/blog\/?s={search_term_string}"},"query-input":{"@type":"PropertyValueSpecification","valueRequired":true,"valueName":"search_term_string"}}],"inLanguage":"pl-PL"},{"@type":"Organization","@id":"https:\/\/www.eurofirany.com.pl\/blog\/#organization","name":"Eurofirany","url":"https:\/\/www.eurofirany.com.pl\/blog\/","logo":{"@type":"ImageObject","inLanguage":"pl-PL","@id":"https:\/\/www.eurofirany.com.pl\/blog\/#\/schema\/logo\/image\/","url":"https:\/\/www.eurofirany.com.pl\/blog\/wp-content\/uploads\/2017\/07\/logo.png","contentUrl":"https:\/\/www.eurofirany.com.pl\/blog\/wp-content\/uploads\/2017\/07\/logo.png","width":428,"height":201,"caption":"Eurofirany"},"image":{"@id":"https:\/\/www.eurofirany.com.pl\/blog\/#\/schema\/logo\/image\/"}},{"@type":"Person","@id":"https:\/\/www.eurofirany.com.pl\/blog\/#\/schema\/person\/c7d556332db4a21ba69be9a1dbd20740","name":"Jowita \u0141abys - dekoratorka","image":{"@type":"ImageObject","inLanguage":"pl-PL","@id":"https:\/\/secure.gravatar.com\/avatar\/96e28c4b41752b60a7d6809d852d6791fc995d093386cb6b8a35997ac73cf53c?s=96&d=mm&r=g","url":"https:\/\/secure.gravatar.com\/avatar\/96e28c4b41752b60a7d6809d852d6791fc995d093386cb6b8a35997ac73cf53c?s=96&d=mm&r=g","contentUrl":"https:\/\/secure.gravatar.com\/avatar\/96e28c4b41752b60a7d6809d852d6791fc995d093386cb6b8a35997ac73cf53c?s=96&d=mm&r=g","caption":"Jowita \u0141abys - dekoratorka"},"description":"Wszystko zacz\u0119\u0142o si\u0119 niewinnie. Pierwszym projektem Jowity by\u0142o jej w\u0142asne mieszkanie. Od tego momentu pokocha\u0142a stylizacj\u0119 wn\u0119trz. I tak ju\u017c zosta\u0142o \u2026 od czternastu lat! Ta praca jest jednocze\u015bnie jej najwi\u0119ksz\u0105 pasj\u0105. Czego potwierdzeniem jest kilkaset zadowolonych klient\u00f3w. Zami\u0142owanie do niepowtarzalnych pomys\u0142\u00f3w \u0142\u0105czy z pasj\u0105 do wzornictwa. W jej torebce mo\u017cna odnale\u017a\u0107 nie tylko szmink\u0119 czy perfumy, ale tak\u017ce centymetr, pr\u00f3bki tkanin i kolor\u00f3w oraz\u2026 krawieckie no\u017cyczki. Czas wolny sp\u0119dza na spacerach z psem, ogl\u0105daj\u0105c dobry film lub po prostu w gronie przyjaci\u00f3\u0142. Na naszym blogu prowadzi k\u0105cik: Wn\u0119trzarskie Style i Trendy. Je\u015bli chcesz zapyta\u0107 naszego eksperta o rad\u0119, wy\u015blij wiadomo\u015b\u0107 w poni\u017cszym formularzu.","url":"https:\/\/www.eurofirany.com.pl\/blog\/author\/jowita-labys"}]}},"_links":{"self":[{"href":"https:\/\/www.eurofirany.com.pl\/blog\/wp-json\/wp\/v2\/posts\/17606","targetHints":{"allow":["GET"]}}],"collection":[{"href":"https:\/\/www.eurofirany.com.pl\/blog\/wp-json\/wp\/v2\/posts"}],"about":[{"href":"https:\/\/www.eurofirany.com.pl\/blog\/wp-json\/wp\/v2\/types\/post"}],"author":[{"embeddable":true,"href":"https:\/\/www.eurofirany.com.pl\/blog\/wp-json\/wp\/v2\/users\/8"}],"replies":[{"embeddable":true,"href":"https:\/\/www.eurofirany.com.pl\/blog\/wp-json\/wp\/v2\/comments?post=17606"}],"version-history":[{"count":2,"href":"https:\/\/www.eurofirany.com.pl\/blog\/wp-json\/wp\/v2\/posts\/17606\/revisions"}],"predecessor-version":[{"id":17614,"href":"https:\/\/www.eurofirany.com.pl\/blog\/wp-json\/wp\/v2\/posts\/17606\/revisions\/17614"}],"wp:featuredmedia":[{"embeddable":true,"href":"https:\/\/www.eurofirany.com.pl\/blog\/wp-json\/wp\/v2\/media\/17608"}],"wp:attachment":[{"href":"https:\/\/www.eurofirany.com.pl\/blog\/wp-json\/wp\/v2\/media?parent=17606"}],"wp:term":[{"taxonomy":"category","embeddable":true,"href":"https:\/\/www.eurofirany.com.pl\/blog\/wp-json\/wp\/v2\/categories?post=17606"},{"taxonomy":"post_tag","embeddable":true,"href":"https:\/\/www.eurofirany.com.pl\/blog\/wp-json\/wp\/v2\/tags?post=17606"}],"curies":[{"name":"wp","href":"https:\/\/api.w.org\/{rel}","templated":true}]}}