{"id":17749,"date":"2025-03-25T08:52:06","date_gmt":"2025-03-25T07:52:06","guid":{"rendered":"https:\/\/www.eurofirany.com.pl\/blog\/?p=17749"},"modified":"2025-03-23T12:16:07","modified_gmt":"2025-03-23T11:16:07","slug":"kolor-pistacjowy-z-czym-laczyc-aby-uzyskac-harmonijna-aranzacje","status":"publish","type":"post","link":"https:\/\/www.eurofirany.com.pl\/blog\/kolor-pistacjowy-z-czym-laczyc-aby-uzyskac-harmonijna-aranzacje","title":{"rendered":"Kolor pistacjowy &#8211; z czym \u0142\u0105czy\u0107, aby uzyska\u0107 harmonijn\u0105 aran\u017cacj\u0119?"},"content":{"rendered":"<span class=\"span-reading-time rt-reading-time\" style=\"display: block;\"><span class=\"rt-label rt-prefix\">Czas czytania: <\/span> <span class=\"rt-time\"> 3<\/span> <span class=\"rt-label rt-postfix\">minuty<\/span><\/span><p style=\"text-align: justify;\"><strong>Pistacjowy sernik, lody pistacjowe, czekolada z pistacjowym nadzieniem \u2013 ostatnio obserwujemy prawdziwy sza\u0142 na wszystko co ma pistacjowy smak. A gdyby tak przenie\u015b\u0107 ten trend tak\u017ce do aran\u017cacji wn\u0119trz i wykorzysta\u0107 w wystroju pistacjow\u0105 barw\u0119? Spr\u00f3bujmy! Kolor pistacjowy to odcie\u0144, kt\u00f3ry wnosi do wn\u0119trza lekko\u015b\u0107, \u015bwie\u017co\u015b\u0107 i subteln\u0105 elegancj\u0119. Delikatnie pastelowy, inspirowany natur\u0105, \u015bwietnie komponuje si\u0119 zar\u00f3wno z klasycznymi, jak i nowoczesnymi aran\u017cacjami. Jednak aby wydoby\u0107 jego pe\u0142ny potencja\u0142, warto wiedzie\u0107 &#8211; kolor pistacjowy z czym \u0142\u0105czy\u0107? <\/strong><!--more--><\/p>\n<div class=\"su-spacer\" style=\"height:20px\"><\/div>\n<p><a href=\"https:\/\/www.eurofirany.com.pl\/p\/dywanik-dekoracyjny-o-strukturze-futra-55803\"><img loading=\"lazy\" decoding=\"async\" class=\"alignleft size-full wp-image-17753\" src=\"https:\/\/www.eurofirany.com.pl\/blog\/wp-content\/uploads\/2025\/03\/9ba4ab626beaa80d912d5dc3d09fce1d1.jpg\" alt=\"pistacjowy dywanik \" width=\"1200\" height=\"1200\" \/><\/a><br \/>\n<div class=\"su-spacer\" style=\"height:20px\"><\/div>\n<h2>Kolor pistacjowy z czym \u0142\u0105czy\u0107? Biele, szaro\u015bci i be\u017ce<\/h2>\n<p>Kolor pistacjowy to \u015bwietny wyb\u00f3r dla os\u00f3b ceni\u0105cych subtelno\u015b\u0107 i elegancj\u0119. Dzi\u0119ki swojej wszechstronno\u015bci mo\u017cna go dopasowa\u0107 do r\u00f3\u017cnych styl\u00f3w \u2013 od skandynawskiego, przez nowoczesny, po glamour. Kluczem do sukcesu jest umiej\u0119tne zestawienie go z odpowiednimi barwami, kt\u00f3re podkre\u015bl\u0105 jego unikalny charakter. Jaki kolor pasuje do pistacjowego? Tak samo delikatny i jasny jak on. Chc\u0105c stworzy\u0107 pe\u0142n\u0105 \u015bwie\u017co\u015bci, wiosenn\u0105 aran\u017cacj\u0119 warto si\u0119gn\u0105\u0107 po klasyk\u0119 \u2013 biel, be\u017c lub odcienie szaro\u015bci.<\/p>\n<p><a href=\"https:\/\/www.eurofirany.com.pl\/p\/komplet-poscieli-aline-z-makosatyny-bawelnianej-z-malarskim-nadrukiem-wiosennych-kwiatow-69600\"><img loading=\"lazy\" decoding=\"async\" class=\"alignleft size-full wp-image-17758\" src=\"https:\/\/www.eurofirany.com.pl\/blog\/wp-content\/uploads\/2025\/03\/ebe63499a315e51132baf22eab8e1ee4.jpg\" alt=\"pistacjowy z czym \u0142\u0105czy\u0107 \" width=\"1200\" height=\"1200\" \/><\/a><\/p>\n<h3>Pistacjowy i biel \u2013 duet ponadczasowy<\/h3>\n<p>Je\u015bli zale\u017cy ci na subtelnej, jasnej przestrzeni, kolor pistacjowy \u015bwietnie wsp\u00f3\u0142gra z biel\u0105. To po\u0142\u0105czenie tworzy efekt delikatno\u015bci i \u015bwie\u017co\u015bci, idealnie sprawdzaj\u0105c si\u0119 w skandynawskich wn\u0119trzach. Bia\u0142e \u015bciany, meble i dodatki w odcieniu pistacji b\u0119d\u0105 wygl\u0105da\u0107 elegancko i nowocze\u015bnie.<\/p>\n<p><a href=\"https:\/\/www.eurofirany.com.pl\/p\/zaslona-dora-z-gladkiej-i-miekkiej-w-dotyku-tkaniny-o-welurowej-strukturze-81667\"><img loading=\"lazy\" decoding=\"async\" class=\"alignleft size-full wp-image-17752\" src=\"https:\/\/www.eurofirany.com.pl\/blog\/wp-content\/uploads\/2025\/03\/5e6a457b2b07c093e6ef2e47bea05e3a.jpg\" alt=\"kolor pistacjowy z czym \u0142\u0105czy\u0107\" width=\"1200\" height=\"1200\" \/><\/a><\/p>\n<h3>Elegancka harmonia \u2013 pistacjowy i szaro\u015b\u0107<\/h3>\n<p>Chcesz doda\u0107 aran\u017cacji nieco wyrafinowania? Kolor pistacjowy z czym \u0142\u0105czy\u0107, je\u015bli zale\u017cy nam na nowoczesnej elegancji? Z szaro\u015bci\u0105! Ch\u0142odne odcienie betonu, grafitu czy go\u0142\u0119biej szaro\u015bci tonuj\u0105 pastelowy charakter pistacji, tworz\u0105c stylowe wn\u0119trza o nieco minimalistycznym, ale przytulnym charakterze.<\/p>\n<p><a href=\"https:\/\/www.eurofirany.com.pl\/p\/poszewka-kimi-w-stylu-boho-z-bawelnianej-tkaniny-o-strukturalnym-splocie-z-chwostami-na-rogach-70368\"><img loading=\"lazy\" decoding=\"async\" class=\"alignleft size-full wp-image-17757\" src=\"https:\/\/www.eurofirany.com.pl\/blog\/wp-content\/uploads\/2025\/03\/e5b56de86892c6e0281de8cc304dd8a2.jpg\" alt=\"jaki kolor pasuje do pistacjowego \" width=\"1200\" height=\"1200\" \/><\/a><\/p>\n<h3>Ciep\u0142e i przytulne wn\u0119trze \u2013 pistacjowy i be\u017c<\/h3>\n<p>Naturalne, neutralne odcienie be\u017cu to doskona\u0142a baza dla koloru pistacjowego. To zestawienie \u015bwietnie sprawdzi si\u0119 w przytulnych wn\u0119trzach boho, rustykalnych czy klasycznych. Be\u017cowe kanapy, drewniane meble i pistacjowe akcenty w postaci \u015bcian, poduszek czy zas\u0142on stworz\u0105 ciep\u0142\u0105 i harmonijn\u0105 ca\u0142o\u015b\u0107.<\/p>\n<div class=\"su-spacer\" style=\"height:20px\"><\/div>\n<p><a href=\"https:\/\/www.eurofirany.com.pl\/p\/obraz-nature-recznie-malowane-na-plotnie-egzotyczne-liscie-53429\"><img loading=\"lazy\" decoding=\"async\" class=\"alignleft size-full wp-image-17756\" src=\"https:\/\/www.eurofirany.com.pl\/blog\/wp-content\/uploads\/2025\/03\/c150c92e8294143b816974842f970c651.jpg\" alt=\"kolor pistacjowy z czym \u0142\u0105czy\u0107\" width=\"1200\" height=\"1199\" \/><\/a><br \/>\n<div class=\"su-spacer\" style=\"height:20px\"><\/div>\n<h2>Kolor pistacjowy z czym \u0142\u0105czy\u0107? R\u00f3\u017c, z\u0142oto i ziele\u0144<\/h2>\n<p>Je\u015bli masz aran\u017cacyjny zmys\u0142 i lubisz bawi\u0107 si\u0119 po\u0142\u0105czeniami kolorystycznymi, mo\u017cesz wykorzysta\u0107 tez pistacjowy w nieco ciekawszy, oryginalniejszy spos\u00f3b. Spr\u00f3buj zestawie\u0144 pistacjowego z r\u00f3\u017cem, z\u0142otem lub zieleni\u0105.<\/p>\n<h3>Pistacjowy i r\u00f3\u017c \u2013 subtelna romantyka<\/h3>\n<p>Dla os\u00f3b lubi\u0105cych delikatne, romantyczne aran\u017cacje, jaki kolor pasuje do pistacjowego lepiej ni\u017c pudrowy r\u00f3\u017c? Ta kombinacja tworzy lekk\u0105, kobiec\u0105 przestrze\u0144, idealn\u0105 do sypialni czy salonu. Wa\u017cne jest jednak, aby wybiera\u0107 przygaszone, pastelowe odcienie r\u00f3\u017cu, aby unikn\u0105\u0107 przes\u0142odzonego efektu.<\/p>\n<h3>Pistacjowy i z\u0142oto \u2013 luksusowy akcent<\/h3>\n<p>Je\u015bli marzysz o eleganckim wn\u0119trzu z nut\u0105 glamour, warto postawi\u0107 na dodatki w odcieniach z\u0142ota. Pistacjowe \u015bciany w po\u0142\u0105czeniu ze z\u0142otymi lampami, uchwytami meblowymi czy dekoracjami dodadz\u0105 wn\u0119trzu klasy i szyku. To rozwi\u0105zanie \u015bwietnie sprawdzi si\u0119 zar\u00f3wno w salonie, jak i w stylowej \u0142azience.<\/p>\n<p><a href=\"https:\/\/www.eurofirany.com.pl\/p\/duzy-zegar-scienny-w-stylu-nowoczesnym-z-mietowym-cyferblatem-60-cm-srednicy-71845\"><img loading=\"lazy\" decoding=\"async\" class=\"alignleft size-full wp-image-17755\" src=\"https:\/\/www.eurofirany.com.pl\/blog\/wp-content\/uploads\/2025\/03\/40597b91a8cf4d3eb0637c1c8bba9ef91.jpg\" alt=\"jaki kolor pasuje do pistacjowego\" width=\"1200\" height=\"1200\" \/><\/a><\/p>\n<h3>\u015awie\u017co\u015b\u0107 natury \u2013 pistacjowy i ziele\u0144<\/h3>\n<p>Kolor pistacjowy doskonale wsp\u00f3\u0142gra z innymi odcieniami zieleni \u2013 oliwkow\u0105, sza\u0142wiow\u0105 czy butelkow\u0105. To po\u0142\u0105czenie inspirowane natur\u0105 wprowadza do wn\u0119trza spok\u00f3j i harmoni\u0119, a jednocze\u015bnie nadaje mu nowoczesnego charakteru. Warto doda\u0107 do aran\u017cacji ro\u015bliny doniczkowe, kt\u00f3re podkre\u015bl\u0105 naturalny urok tego zestawienia.<\/p>\n<p>&nbsp;<\/p>\n<p><a href=\"https:\/\/www.eurofirany.com.pl\/p\/eurofirany-premium-narzuta-sofia-4-z-welwetu-pikowana-metoda-hot-press-94058\"><img loading=\"lazy\" decoding=\"async\" class=\"alignleft size-full wp-image-17751\" src=\"https:\/\/www.eurofirany.com.pl\/blog\/wp-content\/uploads\/2025\/03\/4dff0285ee8224254ed318e6b70d5715.jpg\" alt=\"kolor pistacjowy z czym \u0142\u0105czy\u0107\" width=\"1200\" height=\"1200\" \/><\/a><\/p>\n","protected":false},"excerpt":{"rendered":"<p><span class=\"span-reading-time rt-reading-time\" style=\"display: block;\"><span class=\"rt-label rt-prefix\">Czas czytania: <\/span> <span class=\"rt-time\"> 3<\/span> <span class=\"rt-label rt-postfix\">minuty<\/span><\/span>Pistacjowy sernik, lody pistacjowe, czekolada z pistacjowym nadzieniem \u2013 ostatnio obserwujemy prawdziwy sza\u0142 na wszystko co ma pistacjowy smak. A gdyby tak przenie\u015b\u0107 ten trend tak\u017ce do aran\u017cacji wn\u0119trz i wykorzysta\u0107 w wystroju pistacjow\u0105 barw\u0119? Spr\u00f3bujmy! Kolor pistacjowy to odcie\u0144, [&hellip;]<\/p>\n","protected":false},"author":8,"featured_media":17759,"comment_status":"open","ping_status":"open","sticky":false,"template":"","format":"standard","meta":{"footnotes":""},"categories":[119,28,181],"tags":[],"class_list":["post-17749","post","type-post","status-publish","format-standard","has-post-thumbnail","hentry","category-dekorator-poleca","category-inspiracje","category-trendy"],"yoast_head":"<!-- This site is optimized with the Yoast SEO plugin v27.3 - https:\/\/yoast.com\/product\/yoast-seo-wordpress\/ -->\n<title>Kolor pistacjowy - z czym \u0142\u0105czy\u0107, aby uzyska\u0107 harmonijn\u0105 aran\u017cacj\u0119? - E-blog by Eurofirany<\/title>\n<meta name=\"description\" content=\"Kolor pistacjowy - z czym \u0142\u0105czy\u0107, jaki kolor pasuje do pistacjowego - Eurofirany. Zobacz jak wykorzysta\u0107 pistacjowy w aran\u017cacjach.\" \/>\n<meta name=\"robots\" content=\"index, follow, max-snippet:-1, max-image-preview:large, max-video-preview:-1\" \/>\n<link rel=\"canonical\" href=\"https:\/\/www.eurofirany.com.pl\/blog\/kolor-pistacjowy-z-czym-laczyc-aby-uzyskac-harmonijna-aranzacje\" \/>\n<meta property=\"og:locale\" content=\"pl_PL\" \/>\n<meta property=\"og:type\" content=\"article\" \/>\n<meta property=\"og:title\" content=\"Kolor pistacjowy - z czym \u0142\u0105czy\u0107, aby uzyska\u0107 harmonijn\u0105 aran\u017cacj\u0119? - E-blog by Eurofirany\" \/>\n<meta property=\"og:description\" content=\"Kolor pistacjowy - z czym \u0142\u0105czy\u0107, jaki kolor pasuje do pistacjowego - Eurofirany. Zobacz jak wykorzysta\u0107 pistacjowy w aran\u017cacjach.\" \/>\n<meta property=\"og:url\" content=\"https:\/\/www.eurofirany.com.pl\/blog\/kolor-pistacjowy-z-czym-laczyc-aby-uzyskac-harmonijna-aranzacje\" \/>\n<meta property=\"og:site_name\" content=\"E-blog by Eurofirany\" \/>\n<meta property=\"article:published_time\" content=\"2025-03-25T07:52:06+00:00\" \/>\n<meta property=\"og:image\" content=\"https:\/\/www.eurofirany.com.pl\/blog\/wp-content\/uploads\/2025\/03\/ec53a9b4d5cbddf0a8bfa453dcea5f4c.jpg\" \/>\n\t<meta property=\"og:image:width\" content=\"1200\" \/>\n\t<meta property=\"og:image:height\" content=\"1200\" \/>\n\t<meta property=\"og:image:type\" content=\"image\/jpeg\" \/>\n<meta name=\"author\" content=\"Jowita \u0141abys - dekoratorka\" \/>\n<meta name=\"twitter:card\" content=\"summary_large_image\" \/>\n<meta name=\"twitter:label1\" content=\"Napisane przez\" \/>\n\t<meta name=\"twitter:data1\" content=\"Jowita \u0141abys - dekoratorka\" \/>\n\t<meta name=\"twitter:label2\" content=\"Szacowany czas czytania\" \/>\n\t<meta name=\"twitter:data2\" content=\"3 minuty\" \/>\n<script type=\"application\/ld+json\" class=\"yoast-schema-graph\">{\"@context\":\"https:\\\/\\\/schema.org\",\"@graph\":[{\"@type\":\"Article\",\"@id\":\"https:\\\/\\\/www.eurofirany.com.pl\\\/blog\\\/kolor-pistacjowy-z-czym-laczyc-aby-uzyskac-harmonijna-aranzacje#article\",\"isPartOf\":{\"@id\":\"https:\\\/\\\/www.eurofirany.com.pl\\\/blog\\\/kolor-pistacjowy-z-czym-laczyc-aby-uzyskac-harmonijna-aranzacje\"},\"author\":{\"name\":\"Jowita \u0141abys - dekoratorka\",\"@id\":\"https:\\\/\\\/www.eurofirany.com.pl\\\/blog\\\/#\\\/schema\\\/person\\\/c7d556332db4a21ba69be9a1dbd20740\"},\"headline\":\"Kolor pistacjowy &#8211; z czym \u0142\u0105czy\u0107, aby uzyska\u0107 harmonijn\u0105 aran\u017cacj\u0119?\",\"datePublished\":\"2025-03-25T07:52:06+00:00\",\"mainEntityOfPage\":{\"@id\":\"https:\\\/\\\/www.eurofirany.com.pl\\\/blog\\\/kolor-pistacjowy-z-czym-laczyc-aby-uzyskac-harmonijna-aranzacje\"},\"wordCount\":576,\"commentCount\":0,\"publisher\":{\"@id\":\"https:\\\/\\\/www.eurofirany.com.pl\\\/blog\\\/#organization\"},\"image\":{\"@id\":\"https:\\\/\\\/www.eurofirany.com.pl\\\/blog\\\/kolor-pistacjowy-z-czym-laczyc-aby-uzyskac-harmonijna-aranzacje#primaryimage\"},\"thumbnailUrl\":\"https:\\\/\\\/www.eurofirany.com.pl\\\/blog\\\/wp-content\\\/uploads\\\/2025\\\/03\\\/ec53a9b4d5cbddf0a8bfa453dcea5f4c.jpg\",\"articleSection\":[\"Dekorator poleca\",\"Inspiracje\",\"Trendy\"],\"inLanguage\":\"pl-PL\",\"potentialAction\":[{\"@type\":\"CommentAction\",\"name\":\"Comment\",\"target\":[\"https:\\\/\\\/www.eurofirany.com.pl\\\/blog\\\/kolor-pistacjowy-z-czym-laczyc-aby-uzyskac-harmonijna-aranzacje#respond\"]}]},{\"@type\":\"WebPage\",\"@id\":\"https:\\\/\\\/www.eurofirany.com.pl\\\/blog\\\/kolor-pistacjowy-z-czym-laczyc-aby-uzyskac-harmonijna-aranzacje\",\"url\":\"https:\\\/\\\/www.eurofirany.com.pl\\\/blog\\\/kolor-pistacjowy-z-czym-laczyc-aby-uzyskac-harmonijna-aranzacje\",\"name\":\"Kolor pistacjowy - z czym \u0142\u0105czy\u0107, aby uzyska\u0107 harmonijn\u0105 aran\u017cacj\u0119? - E-blog by Eurofirany\",\"isPartOf\":{\"@id\":\"https:\\\/\\\/www.eurofirany.com.pl\\\/blog\\\/#website\"},\"primaryImageOfPage\":{\"@id\":\"https:\\\/\\\/www.eurofirany.com.pl\\\/blog\\\/kolor-pistacjowy-z-czym-laczyc-aby-uzyskac-harmonijna-aranzacje#primaryimage\"},\"image\":{\"@id\":\"https:\\\/\\\/www.eurofirany.com.pl\\\/blog\\\/kolor-pistacjowy-z-czym-laczyc-aby-uzyskac-harmonijna-aranzacje#primaryimage\"},\"thumbnailUrl\":\"https:\\\/\\\/www.eurofirany.com.pl\\\/blog\\\/wp-content\\\/uploads\\\/2025\\\/03\\\/ec53a9b4d5cbddf0a8bfa453dcea5f4c.jpg\",\"datePublished\":\"2025-03-25T07:52:06+00:00\",\"description\":\"Kolor pistacjowy - z czym \u0142\u0105czy\u0107, jaki kolor pasuje do pistacjowego - Eurofirany. Zobacz jak wykorzysta\u0107 pistacjowy w aran\u017cacjach.\",\"breadcrumb\":{\"@id\":\"https:\\\/\\\/www.eurofirany.com.pl\\\/blog\\\/kolor-pistacjowy-z-czym-laczyc-aby-uzyskac-harmonijna-aranzacje#breadcrumb\"},\"inLanguage\":\"pl-PL\",\"potentialAction\":[{\"@type\":\"ReadAction\",\"target\":[\"https:\\\/\\\/www.eurofirany.com.pl\\\/blog\\\/kolor-pistacjowy-z-czym-laczyc-aby-uzyskac-harmonijna-aranzacje\"]}]},{\"@type\":\"ImageObject\",\"inLanguage\":\"pl-PL\",\"@id\":\"https:\\\/\\\/www.eurofirany.com.pl\\\/blog\\\/kolor-pistacjowy-z-czym-laczyc-aby-uzyskac-harmonijna-aranzacje#primaryimage\",\"url\":\"https:\\\/\\\/www.eurofirany.com.pl\\\/blog\\\/wp-content\\\/uploads\\\/2025\\\/03\\\/ec53a9b4d5cbddf0a8bfa453dcea5f4c.jpg\",\"contentUrl\":\"https:\\\/\\\/www.eurofirany.com.pl\\\/blog\\\/wp-content\\\/uploads\\\/2025\\\/03\\\/ec53a9b4d5cbddf0a8bfa453dcea5f4c.jpg\",\"width\":1200,\"height\":1200,\"caption\":\"kolor pistacjowy z czym \u0142\u0105czy\u0107\"},{\"@type\":\"BreadcrumbList\",\"@id\":\"https:\\\/\\\/www.eurofirany.com.pl\\\/blog\\\/kolor-pistacjowy-z-czym-laczyc-aby-uzyskac-harmonijna-aranzacje#breadcrumb\",\"itemListElement\":[{\"@type\":\"ListItem\",\"position\":1,\"name\":\"Strona g\u0142\u00f3wna\",\"item\":\"https:\\\/\\\/www.eurofirany.com.pl\\\/blog\"},{\"@type\":\"ListItem\",\"position\":2,\"name\":\"Kolor pistacjowy &#8211; z czym \u0142\u0105czy\u0107, aby uzyska\u0107 harmonijn\u0105 aran\u017cacj\u0119?\"}]},{\"@type\":\"WebSite\",\"@id\":\"https:\\\/\\\/www.eurofirany.com.pl\\\/blog\\\/#website\",\"url\":\"https:\\\/\\\/www.eurofirany.com.pl\\\/blog\\\/\",\"name\":\"E-blog by Eurofirany\",\"description\":\"\",\"publisher\":{\"@id\":\"https:\\\/\\\/www.eurofirany.com.pl\\\/blog\\\/#organization\"},\"potentialAction\":[{\"@type\":\"SearchAction\",\"target\":{\"@type\":\"EntryPoint\",\"urlTemplate\":\"https:\\\/\\\/www.eurofirany.com.pl\\\/blog\\\/?s={search_term_string}\"},\"query-input\":{\"@type\":\"PropertyValueSpecification\",\"valueRequired\":true,\"valueName\":\"search_term_string\"}}],\"inLanguage\":\"pl-PL\"},{\"@type\":\"Organization\",\"@id\":\"https:\\\/\\\/www.eurofirany.com.pl\\\/blog\\\/#organization\",\"name\":\"Eurofirany\",\"url\":\"https:\\\/\\\/www.eurofirany.com.pl\\\/blog\\\/\",\"logo\":{\"@type\":\"ImageObject\",\"inLanguage\":\"pl-PL\",\"@id\":\"https:\\\/\\\/www.eurofirany.com.pl\\\/blog\\\/#\\\/schema\\\/logo\\\/image\\\/\",\"url\":\"https:\\\/\\\/www.eurofirany.com.pl\\\/blog\\\/wp-content\\\/uploads\\\/2017\\\/07\\\/logo.png\",\"contentUrl\":\"https:\\\/\\\/www.eurofirany.com.pl\\\/blog\\\/wp-content\\\/uploads\\\/2017\\\/07\\\/logo.png\",\"width\":428,\"height\":201,\"caption\":\"Eurofirany\"},\"image\":{\"@id\":\"https:\\\/\\\/www.eurofirany.com.pl\\\/blog\\\/#\\\/schema\\\/logo\\\/image\\\/\"}},{\"@type\":\"Person\",\"@id\":\"https:\\\/\\\/www.eurofirany.com.pl\\\/blog\\\/#\\\/schema\\\/person\\\/c7d556332db4a21ba69be9a1dbd20740\",\"name\":\"Jowita \u0141abys - dekoratorka\",\"image\":{\"@type\":\"ImageObject\",\"inLanguage\":\"pl-PL\",\"@id\":\"https:\\\/\\\/secure.gravatar.com\\\/avatar\\\/96e28c4b41752b60a7d6809d852d6791fc995d093386cb6b8a35997ac73cf53c?s=96&d=mm&r=g\",\"url\":\"https:\\\/\\\/secure.gravatar.com\\\/avatar\\\/96e28c4b41752b60a7d6809d852d6791fc995d093386cb6b8a35997ac73cf53c?s=96&d=mm&r=g\",\"contentUrl\":\"https:\\\/\\\/secure.gravatar.com\\\/avatar\\\/96e28c4b41752b60a7d6809d852d6791fc995d093386cb6b8a35997ac73cf53c?s=96&d=mm&r=g\",\"caption\":\"Jowita \u0141abys - dekoratorka\"},\"description\":\"Wszystko zacz\u0119\u0142o si\u0119 niewinnie. Pierwszym projektem Jowity by\u0142o jej w\u0142asne mieszkanie. Od tego momentu pokocha\u0142a stylizacj\u0119 wn\u0119trz. I tak ju\u017c zosta\u0142o \u2026 od czternastu lat! Ta praca jest jednocze\u015bnie jej najwi\u0119ksz\u0105 pasj\u0105. Czego potwierdzeniem jest kilkaset zadowolonych klient\u00f3w. Zami\u0142owanie do niepowtarzalnych pomys\u0142\u00f3w \u0142\u0105czy z pasj\u0105 do wzornictwa. W jej torebce mo\u017cna odnale\u017a\u0107 nie tylko szmink\u0119 czy perfumy, ale tak\u017ce centymetr, pr\u00f3bki tkanin i kolor\u00f3w oraz\u2026 krawieckie no\u017cyczki. Czas wolny sp\u0119dza na spacerach z psem, ogl\u0105daj\u0105c dobry film lub po prostu w gronie przyjaci\u00f3\u0142. Na naszym blogu prowadzi k\u0105cik: Wn\u0119trzarskie Style i Trendy. Je\u015bli chcesz zapyta\u0107 naszego eksperta o rad\u0119, wy\u015blij wiadomo\u015b\u0107 w poni\u017cszym formularzu.\",\"url\":\"https:\\\/\\\/www.eurofirany.com.pl\\\/blog\\\/author\\\/jowita-labys\"}]}<\/script>\n<!-- \/ Yoast SEO plugin. -->","yoast_head_json":{"title":"Kolor pistacjowy - z czym \u0142\u0105czy\u0107, aby uzyska\u0107 harmonijn\u0105 aran\u017cacj\u0119? - E-blog by Eurofirany","description":"Kolor pistacjowy - z czym \u0142\u0105czy\u0107, jaki kolor pasuje do pistacjowego - Eurofirany. Zobacz jak wykorzysta\u0107 pistacjowy w aran\u017cacjach.","robots":{"index":"index","follow":"follow","max-snippet":"max-snippet:-1","max-image-preview":"max-image-preview:large","max-video-preview":"max-video-preview:-1"},"canonical":"https:\/\/www.eurofirany.com.pl\/blog\/kolor-pistacjowy-z-czym-laczyc-aby-uzyskac-harmonijna-aranzacje","og_locale":"pl_PL","og_type":"article","og_title":"Kolor pistacjowy - z czym \u0142\u0105czy\u0107, aby uzyska\u0107 harmonijn\u0105 aran\u017cacj\u0119? - E-blog by Eurofirany","og_description":"Kolor pistacjowy - z czym \u0142\u0105czy\u0107, jaki kolor pasuje do pistacjowego - Eurofirany. Zobacz jak wykorzysta\u0107 pistacjowy w aran\u017cacjach.","og_url":"https:\/\/www.eurofirany.com.pl\/blog\/kolor-pistacjowy-z-czym-laczyc-aby-uzyskac-harmonijna-aranzacje","og_site_name":"E-blog by Eurofirany","article_published_time":"2025-03-25T07:52:06+00:00","og_image":[{"width":1200,"height":1200,"url":"https:\/\/www.eurofirany.com.pl\/blog\/wp-content\/uploads\/2025\/03\/ec53a9b4d5cbddf0a8bfa453dcea5f4c.jpg","type":"image\/jpeg"}],"author":"Jowita \u0141abys - dekoratorka","twitter_card":"summary_large_image","twitter_misc":{"Napisane przez":"Jowita \u0141abys - dekoratorka","Szacowany czas czytania":"3 minuty"},"schema":{"@context":"https:\/\/schema.org","@graph":[{"@type":"Article","@id":"https:\/\/www.eurofirany.com.pl\/blog\/kolor-pistacjowy-z-czym-laczyc-aby-uzyskac-harmonijna-aranzacje#article","isPartOf":{"@id":"https:\/\/www.eurofirany.com.pl\/blog\/kolor-pistacjowy-z-czym-laczyc-aby-uzyskac-harmonijna-aranzacje"},"author":{"name":"Jowita \u0141abys - dekoratorka","@id":"https:\/\/www.eurofirany.com.pl\/blog\/#\/schema\/person\/c7d556332db4a21ba69be9a1dbd20740"},"headline":"Kolor pistacjowy &#8211; z czym \u0142\u0105czy\u0107, aby uzyska\u0107 harmonijn\u0105 aran\u017cacj\u0119?","datePublished":"2025-03-25T07:52:06+00:00","mainEntityOfPage":{"@id":"https:\/\/www.eurofirany.com.pl\/blog\/kolor-pistacjowy-z-czym-laczyc-aby-uzyskac-harmonijna-aranzacje"},"wordCount":576,"commentCount":0,"publisher":{"@id":"https:\/\/www.eurofirany.com.pl\/blog\/#organization"},"image":{"@id":"https:\/\/www.eurofirany.com.pl\/blog\/kolor-pistacjowy-z-czym-laczyc-aby-uzyskac-harmonijna-aranzacje#primaryimage"},"thumbnailUrl":"https:\/\/www.eurofirany.com.pl\/blog\/wp-content\/uploads\/2025\/03\/ec53a9b4d5cbddf0a8bfa453dcea5f4c.jpg","articleSection":["Dekorator poleca","Inspiracje","Trendy"],"inLanguage":"pl-PL","potentialAction":[{"@type":"CommentAction","name":"Comment","target":["https:\/\/www.eurofirany.com.pl\/blog\/kolor-pistacjowy-z-czym-laczyc-aby-uzyskac-harmonijna-aranzacje#respond"]}]},{"@type":"WebPage","@id":"https:\/\/www.eurofirany.com.pl\/blog\/kolor-pistacjowy-z-czym-laczyc-aby-uzyskac-harmonijna-aranzacje","url":"https:\/\/www.eurofirany.com.pl\/blog\/kolor-pistacjowy-z-czym-laczyc-aby-uzyskac-harmonijna-aranzacje","name":"Kolor pistacjowy - z czym \u0142\u0105czy\u0107, aby uzyska\u0107 harmonijn\u0105 aran\u017cacj\u0119? - E-blog by Eurofirany","isPartOf":{"@id":"https:\/\/www.eurofirany.com.pl\/blog\/#website"},"primaryImageOfPage":{"@id":"https:\/\/www.eurofirany.com.pl\/blog\/kolor-pistacjowy-z-czym-laczyc-aby-uzyskac-harmonijna-aranzacje#primaryimage"},"image":{"@id":"https:\/\/www.eurofirany.com.pl\/blog\/kolor-pistacjowy-z-czym-laczyc-aby-uzyskac-harmonijna-aranzacje#primaryimage"},"thumbnailUrl":"https:\/\/www.eurofirany.com.pl\/blog\/wp-content\/uploads\/2025\/03\/ec53a9b4d5cbddf0a8bfa453dcea5f4c.jpg","datePublished":"2025-03-25T07:52:06+00:00","description":"Kolor pistacjowy - z czym \u0142\u0105czy\u0107, jaki kolor pasuje do pistacjowego - Eurofirany. Zobacz jak wykorzysta\u0107 pistacjowy w aran\u017cacjach.","breadcrumb":{"@id":"https:\/\/www.eurofirany.com.pl\/blog\/kolor-pistacjowy-z-czym-laczyc-aby-uzyskac-harmonijna-aranzacje#breadcrumb"},"inLanguage":"pl-PL","potentialAction":[{"@type":"ReadAction","target":["https:\/\/www.eurofirany.com.pl\/blog\/kolor-pistacjowy-z-czym-laczyc-aby-uzyskac-harmonijna-aranzacje"]}]},{"@type":"ImageObject","inLanguage":"pl-PL","@id":"https:\/\/www.eurofirany.com.pl\/blog\/kolor-pistacjowy-z-czym-laczyc-aby-uzyskac-harmonijna-aranzacje#primaryimage","url":"https:\/\/www.eurofirany.com.pl\/blog\/wp-content\/uploads\/2025\/03\/ec53a9b4d5cbddf0a8bfa453dcea5f4c.jpg","contentUrl":"https:\/\/www.eurofirany.com.pl\/blog\/wp-content\/uploads\/2025\/03\/ec53a9b4d5cbddf0a8bfa453dcea5f4c.jpg","width":1200,"height":1200,"caption":"kolor pistacjowy z czym \u0142\u0105czy\u0107"},{"@type":"BreadcrumbList","@id":"https:\/\/www.eurofirany.com.pl\/blog\/kolor-pistacjowy-z-czym-laczyc-aby-uzyskac-harmonijna-aranzacje#breadcrumb","itemListElement":[{"@type":"ListItem","position":1,"name":"Strona g\u0142\u00f3wna","item":"https:\/\/www.eurofirany.com.pl\/blog"},{"@type":"ListItem","position":2,"name":"Kolor pistacjowy &#8211; z czym \u0142\u0105czy\u0107, aby uzyska\u0107 harmonijn\u0105 aran\u017cacj\u0119?"}]},{"@type":"WebSite","@id":"https:\/\/www.eurofirany.com.pl\/blog\/#website","url":"https:\/\/www.eurofirany.com.pl\/blog\/","name":"E-blog by Eurofirany","description":"","publisher":{"@id":"https:\/\/www.eurofirany.com.pl\/blog\/#organization"},"potentialAction":[{"@type":"SearchAction","target":{"@type":"EntryPoint","urlTemplate":"https:\/\/www.eurofirany.com.pl\/blog\/?s={search_term_string}"},"query-input":{"@type":"PropertyValueSpecification","valueRequired":true,"valueName":"search_term_string"}}],"inLanguage":"pl-PL"},{"@type":"Organization","@id":"https:\/\/www.eurofirany.com.pl\/blog\/#organization","name":"Eurofirany","url":"https:\/\/www.eurofirany.com.pl\/blog\/","logo":{"@type":"ImageObject","inLanguage":"pl-PL","@id":"https:\/\/www.eurofirany.com.pl\/blog\/#\/schema\/logo\/image\/","url":"https:\/\/www.eurofirany.com.pl\/blog\/wp-content\/uploads\/2017\/07\/logo.png","contentUrl":"https:\/\/www.eurofirany.com.pl\/blog\/wp-content\/uploads\/2017\/07\/logo.png","width":428,"height":201,"caption":"Eurofirany"},"image":{"@id":"https:\/\/www.eurofirany.com.pl\/blog\/#\/schema\/logo\/image\/"}},{"@type":"Person","@id":"https:\/\/www.eurofirany.com.pl\/blog\/#\/schema\/person\/c7d556332db4a21ba69be9a1dbd20740","name":"Jowita \u0141abys - dekoratorka","image":{"@type":"ImageObject","inLanguage":"pl-PL","@id":"https:\/\/secure.gravatar.com\/avatar\/96e28c4b41752b60a7d6809d852d6791fc995d093386cb6b8a35997ac73cf53c?s=96&d=mm&r=g","url":"https:\/\/secure.gravatar.com\/avatar\/96e28c4b41752b60a7d6809d852d6791fc995d093386cb6b8a35997ac73cf53c?s=96&d=mm&r=g","contentUrl":"https:\/\/secure.gravatar.com\/avatar\/96e28c4b41752b60a7d6809d852d6791fc995d093386cb6b8a35997ac73cf53c?s=96&d=mm&r=g","caption":"Jowita \u0141abys - dekoratorka"},"description":"Wszystko zacz\u0119\u0142o si\u0119 niewinnie. Pierwszym projektem Jowity by\u0142o jej w\u0142asne mieszkanie. Od tego momentu pokocha\u0142a stylizacj\u0119 wn\u0119trz. I tak ju\u017c zosta\u0142o \u2026 od czternastu lat! Ta praca jest jednocze\u015bnie jej najwi\u0119ksz\u0105 pasj\u0105. Czego potwierdzeniem jest kilkaset zadowolonych klient\u00f3w. Zami\u0142owanie do niepowtarzalnych pomys\u0142\u00f3w \u0142\u0105czy z pasj\u0105 do wzornictwa. W jej torebce mo\u017cna odnale\u017a\u0107 nie tylko szmink\u0119 czy perfumy, ale tak\u017ce centymetr, pr\u00f3bki tkanin i kolor\u00f3w oraz\u2026 krawieckie no\u017cyczki. Czas wolny sp\u0119dza na spacerach z psem, ogl\u0105daj\u0105c dobry film lub po prostu w gronie przyjaci\u00f3\u0142. Na naszym blogu prowadzi k\u0105cik: Wn\u0119trzarskie Style i Trendy. Je\u015bli chcesz zapyta\u0107 naszego eksperta o rad\u0119, wy\u015blij wiadomo\u015b\u0107 w poni\u017cszym formularzu.","url":"https:\/\/www.eurofirany.com.pl\/blog\/author\/jowita-labys"}]}},"_links":{"self":[{"href":"https:\/\/www.eurofirany.com.pl\/blog\/wp-json\/wp\/v2\/posts\/17749","targetHints":{"allow":["GET"]}}],"collection":[{"href":"https:\/\/www.eurofirany.com.pl\/blog\/wp-json\/wp\/v2\/posts"}],"about":[{"href":"https:\/\/www.eurofirany.com.pl\/blog\/wp-json\/wp\/v2\/types\/post"}],"author":[{"embeddable":true,"href":"https:\/\/www.eurofirany.com.pl\/blog\/wp-json\/wp\/v2\/users\/8"}],"replies":[{"embeddable":true,"href":"https:\/\/www.eurofirany.com.pl\/blog\/wp-json\/wp\/v2\/comments?post=17749"}],"version-history":[{"count":2,"href":"https:\/\/www.eurofirany.com.pl\/blog\/wp-json\/wp\/v2\/posts\/17749\/revisions"}],"predecessor-version":[{"id":17761,"href":"https:\/\/www.eurofirany.com.pl\/blog\/wp-json\/wp\/v2\/posts\/17749\/revisions\/17761"}],"wp:featuredmedia":[{"embeddable":true,"href":"https:\/\/www.eurofirany.com.pl\/blog\/wp-json\/wp\/v2\/media\/17759"}],"wp:attachment":[{"href":"https:\/\/www.eurofirany.com.pl\/blog\/wp-json\/wp\/v2\/media?parent=17749"}],"wp:term":[{"taxonomy":"category","embeddable":true,"href":"https:\/\/www.eurofirany.com.pl\/blog\/wp-json\/wp\/v2\/categories?post=17749"},{"taxonomy":"post_tag","embeddable":true,"href":"https:\/\/www.eurofirany.com.pl\/blog\/wp-json\/wp\/v2\/tags?post=17749"}],"curies":[{"name":"wp","href":"https:\/\/api.w.org\/{rel}","templated":true}]}}