{"id":18138,"date":"2025-09-05T22:38:50","date_gmt":"2025-09-05T20:38:50","guid":{"rendered":"https:\/\/www.eurofirany.com.pl\/blog\/?p=18138"},"modified":"2025-09-10T23:03:04","modified_gmt":"2025-09-10T21:03:04","slug":"koldra-na-lozko-180x200-cm-jaka-wybrac-by-spac-komfortowo-przez-cala-noc","status":"publish","type":"post","link":"https:\/\/www.eurofirany.com.pl\/blog\/koldra-na-lozko-180x200-cm-jaka-wybrac-by-spac-komfortowo-przez-cala-noc","title":{"rendered":"Ko\u0142dra na \u0142\u00f3\u017cko 180\u00d7200 cm \u2013 jak\u0105 wybra\u0107, by spa\u0107 komfortowo przez ca\u0142\u0105 noc?"},"content":{"rendered":"<span class=\"span-reading-time rt-reading-time\" style=\"display: block;\"><span class=\"rt-label rt-prefix\">Czas czytania: <\/span> <span class=\"rt-time\"> 4<\/span> <span class=\"rt-label rt-postfix\">minuty<\/span><\/span><p style=\"text-align: justify;\"><strong>S\u0105 takie wieczory, kiedy po ca\u0142ym dniu marzymy tylko o tym, \u017ceby zgasi\u0107 \u015bwiat\u0142o i po prostu znikn\u0105\u0107 pod ko\u0142dr\u0105. To troch\u0119 taki ma\u0142y, codzienny rytua\u0142 \u2013 prysznic, ulubiona pi\u017cama, wchodz\u0119 do sypialni i czuj\u0119, jak cia\u0142o zaczyna si\u0119 wycisza\u0107. I wtedy wchodzi ona \u2013 ko\u0142dra. To ona ma ostatnie s\u0142owo, je\u015bli chodzi o to, czy sen b\u0119dzie spokojny, czy b\u0119d\u0119 si\u0119 kr\u0119ci\u0107 z boku na bok. Dlatego wyb\u00f3r ko\u0142dry traktuj\u0119 powa\u017cnie \u2013 prawie jak wyb\u00f3r materaca. W ko\u0144cu towarzyszy nam przez kilka lat, jest blisko sk\u00f3ry, wp\u0142ywa na to, czy budzimy si\u0119 wypocz\u0119ci. A ko\u0142dra 180\u00d7200 cm to m\u00f3j ulubiony rozmiar \u2013 wystarczaj\u0105co du\u017ca, by si\u0119 porz\u0105dnie otuli\u0107, ale wci\u0105\u017c zgrabna i pasuj\u0105ca do \u0142\u00f3\u017cka dwuosobowego. Dzisiaj wzi\u0119\u0142am na warsztat trzy modele z kolekcji Design 91 od Eurofirany \u2013 Silver Collection, Basic Collection i Gold Collection. Ka\u017cda z nich jest inna, ka\u017cda ma sw\u00f3j charakter i wywo\u0142uje inne emocje. <\/strong><!--more--><\/p>\n<div class=\"su-spacer\" style=\"height:20px\"><\/div>\n<div class=\"su-spacer\" style=\"height:20px\"><\/div>\n<h2>Jaka ko\u0142dra na \u0142\u00f3\u017cko 180&#215;200 &#8211; Silver Collection \u2013 lekko\u015b\u0107 i spok\u00f3j dla wra\u017cliwych<\/h2>\n<p>Pierwsze wra\u017cenie? Mi\u0119kka i spr\u0119\u017cysta \u2013 bardzo delikatna tkanina. Ko\u0142dra Silver Collection to strza\u0142 w dziesi\u0105tk\u0119, je\u015bli zmagasz si\u0119 z alergi\u0105, masz wra\u017cliw\u0105 sk\u00f3r\u0119 albo po prostu lubisz poczucie czysto\u015bci. Wype\u0142nienie z elastycznych w\u0142\u00f3kien sprawia, \u017ce ko\u0142dra jest lekka, ale przyjemnie dopasowuje si\u0119 do cia\u0142a. To model ca\u0142oroczny, nie jest za ciep\u0142o, nie jest za zimno, po prostu idealnie. Je\u015bli chodzi o aran\u017cacj\u0119 wn\u0119trza \u2013 Silver Collection pasuje do jasnych, minimalistycznych sypialni. Lniane zas\u0142ony, drewniane stoliki nocne, zapach lawendy w s\u0142oiczku na komodzie. Ta ko\u0142dra tworzy przestrze\u0144, w kt\u00f3rej cia\u0142o i g\u0142owa mog\u0105 si\u0119 wyciszy\u0107.<\/p>\n<div class=\"su-spacer\" style=\"height:20px\"><\/div>\n<p><a href=\"https:\/\/www.eurofirany.com.pl\/design-91-antyalergiczna-koldra-silver-collection-z-wypelnieniem-z-elastycznych-wlokien-poliestrowych-id-34941\"><img loading=\"lazy\" decoding=\"async\" class=\"aligncenter size-full wp-image-18140\" src=\"https:\/\/www.eurofirany.com.pl\/blog\/wp-content\/uploads\/2025\/09\/8e819707c1e18e9a6e472ec8b933860e.jpg\" alt=\"jaka ko\u0142dra na \u0142\u00f3\u017cko 180x200\" width=\"1200\" height=\"1200\" \/><\/a><br \/>\n<div class=\"su-spacer\" style=\"height:20px\"><\/div>\n<h2>Jaka ko\u0142dra na \u0142\u00f3\u017cko 180\u00d7200 cm &#8211; Basic Collection \u2013 codzienny komfort bez komplikacji<\/h2>\n<p>Z kolei antyalergiczna ko\u0142dra Basic Collection jest jak wierny przyjaciel. Mo\u017ce nie przyci\u0105ga uwagi od razu, ale kiedy pod ni\u0105 zasypiasz, czujesz po prostu spok\u00f3j. Jest termozgrzewana, dzi\u0119ki czemu ciep\u0142o rozk\u0142ada si\u0119 r\u00f3wnomiernie \u2013 nie ma miejsc, w kt\u00f3rych jest zbyt ch\u0142odno czy zbyt gor\u0105co. To ko\u0142dra idealna dla tych, kt\u00f3rzy nie chc\u0105 co sezon wymienia\u0107 po\u015bcieli na inn\u0105, nie lubi\u0105 komplikacji, a ceni\u0105 sobie funkcjonalno\u015b\u0107. Wyobra\u017cam sobie j\u0105 w przytulnej sypialni z mi\u0119kkim dywanem, koszem z kocami przy \u0142\u00f3\u017cku i du\u017cym kubkiem herbaty na stoliku nocnym. A je\u015bli masz dzieci, to Basic Collection sprawdzi si\u0119 te\u017c w ich pokoju \u2013 jest \u0142atwa w praniu, szybko schnie, wi\u0119c nawet je\u015bli co\u015b si\u0119 rozleje, nie ma dramatu.<\/p>\n<div class=\"su-spacer\" style=\"height:20px\"><\/div>\n<p><a href=\"https:\/\/www.eurofirany.com.pl\/design-91-antyalergiczna-koldra-basic-collection-termozgrzewana-id-47250\"><img loading=\"lazy\" decoding=\"async\" class=\"aligncenter size-full wp-image-18141\" src=\"https:\/\/www.eurofirany.com.pl\/blog\/wp-content\/uploads\/2025\/09\/286aa70cf0ec951d23fcd8f986ae06a4.jpg\" alt=\"jaka ko\u0142dra na \u0142\u00f3\u017cko 180x200\" width=\"1200\" height=\"1200\" \/><\/a><br \/>\n<div class=\"su-spacer\" style=\"height:20px\"><\/div>\n<h2>Jaka ko\u0142dra na \u0142\u00f3\u017cko 180&#215;200 &#8211; Gold Collection \u2013 puszysty luksus na ka\u017cd\u0105 por\u0119 roku<\/h2>\n<p>I wreszcie m\u00f3j faworyt- komfortowa ko\u0142dra Gold Collection. Wow, ale jest puszysta! To taki typ ko\u0142dry, kt\u00f3ry od razu robi klimat w sypialni \u2013 po prostu wygl\u0105da mi\u0119kko i przytulnie. Ta ko\u0142dra jest ca\u0142oroczna, wi\u0119c to rozwi\u0105zanie dla tych, kt\u00f3rzy nie chc\u0105 mie\u0107 osobnej ko\u0142dry na lato i na zim\u0119. Spiralne w\u0142\u00f3kna poliestrowe sprawiaj\u0105, \u017ce jest leciutka, a jednocze\u015bnie trzyma ciep\u0142o \u2013 nie musisz si\u0119 martwi\u0107, \u017ce w grudniu b\u0119dzie za ch\u0142odno. No i mo\u017cna j\u0105 pra\u0107 w 60\u00b0C, co dla mnie jest ogromnym plusem. Ta ko\u0142dra a\u017c prosi si\u0119 o eleganckie towarzystwo \u2013 pikowan\u0105 narzut\u0119, welurowe poduszki i ciep\u0142e \u015bwiat\u0142o z lampy sto\u0142owej. To idealny wyb\u00f3r, je\u015bli uwielbiasz leniwe poranki, kiedy mo\u017cna zosta\u0107 w \u0142\u00f3\u017cku z ksi\u0105\u017ck\u0105 i kubkiem kawy.<\/p>\n<div class=\"su-spacer\" style=\"height:20px\"><\/div>\n<p><a href=\"https:\/\/www.eurofirany.com.pl\/design-91-komfortowa-koldra-gold-collection-caloroczna-puszysta-i-lekka-id-55568\"><img loading=\"lazy\" decoding=\"async\" class=\"aligncenter size-full wp-image-18142\" src=\"https:\/\/www.eurofirany.com.pl\/blog\/wp-content\/uploads\/2025\/09\/f29ff4e740340c6f62c17d8ffd8c2216.jpg\" alt=\"jaka ko\u0142dra na \u0142\u00f3\u017cko 180x200\" width=\"1200\" height=\"855\" \/><\/a><br \/>\n<div class=\"su-spacer\" style=\"height:20px\"><\/div>\n<h2>Jak wybra\u0107 ko\u0142dr\u0119 dla siebie?<\/h2>\n<p>Wyb\u00f3r ko\u0142dry to nie tylko kwestia ceny czy wygl\u0105du. Warto wzi\u0105\u0107 pod uwag\u0119 twoje preferencje cieplne &#8211; je\u015bli cz\u0119sto jest ci zimno, wybierz ko\u0142dr\u0119 bardziej puszyst\u0105, jak Gold Collection. Dla alergik\u00f3w i os\u00f3b z wra\u017cliw\u0105 sk\u00f3r\u0105 lepszym wyborem b\u0119dzie ko\u0142dra z kolekcji Silver Collection. Ko\u0142dry z kolekcji Basic i Gold natomiast mo\u017cna bez problemu pra\u0107 w pralce, co jest du\u017cym u\u0142atwieniem. We\u017a pod uwag\u0119 r\u00f3wnie\u017c styl sypialni. Ko\u0142dry Silver pasuje do minimalizmu, Basic do prostych, skandynawskich wn\u0119trz, a Gold do eleganckich i luksusowych aran\u017cacji. Pami\u0119taj r\u00f3wnie\u017c wietrz ko\u0142dr\u0119 przynajmniej raz w tygodniu. Nawet w zimie wystarczy kilka minut na balkonie, by odzyska\u0142a \u015bwie\u017co\u015b\u0107. Do k\u0142ody dobierz odpowiedni\u0105 po\u015bciel \u2013 naturalne materia\u0142y, jak bawe\u0142na czy len, potrafi\u0105 poprawi\u0107 komfort snu.<\/p>\n<div class=\"su-spacer\" style=\"height:20px\"><\/div>\n<p><a href=\"https:\/\/www.eurofirany.com.pl\/design-91-antyalergiczna-koldra-silver-collection-z-wypelnieniem-z-elastycznych-wlokien-poliestrowych-id-34940\" data-wplink-edit=\"true\"><img loading=\"lazy\" decoding=\"async\" class=\"aligncenter size-full wp-image-18143\" src=\"https:\/\/www.eurofirany.com.pl\/blog\/wp-content\/uploads\/2025\/09\/90cd821610a8e57b873883ea08d3cb501.jpg\" alt=\"jaka ko\u0142dra na \u0142\u00f3\u017cko 180x200\" width=\"1200\" height=\"1096\" \/><\/a><br \/>\n<div class=\"su-spacer\" style=\"height:20px\"><\/div>\n<h2>Jak\u0105 wybra\u0107, by spa\u0107 komfortowo przez ca\u0142\u0105 noc?<\/h2>\n<p>Ko\u0142dra to nie tylko produkt z metk\u0105 i cen\u0105. To co\u015b, co wprowadza spok\u00f3j do twojego dnia, otula ci\u0119 wtedy, gdy najbardziej tego potrzebujesz, daje poczucie bezpiecze\u0144stwa, zmienia wiecz\u00f3r w ma\u0142e \u015bwi\u0119to. Ko\u0142dry Silver, Basic, Gold \u2013 ka\u017cda z\u00a0nich jest troch\u0119 jak inny nastr\u00f3j. To trzy sposoby na to, by da\u0107 sobie troch\u0119 ciep\u0142a, troski i codziennego komfortu. Niewa\u017cne, kt\u00f3r\u0105 wybierzesz \u2013 wa\u017cne, \u017ceby by\u0142a twoja. \u017beby\u015b za ka\u017cdym razem, gdy si\u0119 pod ni\u0105 k\u0142adziesz, czu\u0142, \u017ce to tw\u00f3j ma\u0142y azyl. Bo przecie\u017c sypialnia to nie tylko pomieszczenie \u2013 to miejsce, w kt\u00f3rym \u0142adujemy baterie, snujemy marzenia i zbieramy si\u0142y na kolejny dzie\u0144. A ko\u0142dra? Jest cichym bohaterem tego wszystkiego.<\/p>\n","protected":false},"excerpt":{"rendered":"<p><span class=\"span-reading-time rt-reading-time\" style=\"display: block;\"><span class=\"rt-label rt-prefix\">Czas czytania: <\/span> <span class=\"rt-time\"> 4<\/span> <span class=\"rt-label rt-postfix\">minuty<\/span><\/span>S\u0105 takie wieczory, kiedy po ca\u0142ym dniu marzymy tylko o tym, \u017ceby zgasi\u0107 \u015bwiat\u0142o i po prostu znikn\u0105\u0107 pod ko\u0142dr\u0105. To troch\u0119 taki ma\u0142y, codzienny rytua\u0142 \u2013 prysznic, ulubiona pi\u017cama, wchodz\u0119 do sypialni i czuj\u0119, jak cia\u0142o zaczyna si\u0119 wycisza\u0107. [&hellip;]<\/p>\n","protected":false},"author":8,"featured_media":18143,"comment_status":"closed","ping_status":"closed","sticky":false,"template":"","format":"standard","meta":{"footnotes":""},"categories":[119],"tags":[],"class_list":["post-18138","post","type-post","status-publish","format-standard","has-post-thumbnail","hentry","category-dekorator-poleca"],"yoast_head":"<!-- This site is optimized with the Yoast SEO plugin v27.3 - https:\/\/yoast.com\/product\/yoast-seo-wordpress\/ -->\n<title>Ko\u0142dra na \u0142\u00f3\u017cko 180\u00d7200 cm \u2013 jak\u0105 wybra\u0107, by spa\u0107 komfortowo przez ca\u0142\u0105 noc? - E-blog by Eurofirany<\/title>\n<meta name=\"description\" content=\"Jaka ko\u0142dra na \u0142\u00f3\u017cko 180x200, jaki rozmiar ko\u0142dry - Eurofirany\" \/>\n<meta name=\"robots\" content=\"index, follow, max-snippet:-1, max-image-preview:large, max-video-preview:-1\" \/>\n<link rel=\"canonical\" href=\"https:\/\/www.eurofirany.com.pl\/blog\/koldra-na-lozko-180x200-cm-jaka-wybrac-by-spac-komfortowo-przez-cala-noc\" \/>\n<meta property=\"og:locale\" content=\"pl_PL\" \/>\n<meta property=\"og:type\" content=\"article\" \/>\n<meta property=\"og:title\" content=\"Ko\u0142dra na \u0142\u00f3\u017cko 180\u00d7200 cm \u2013 jak\u0105 wybra\u0107, by spa\u0107 komfortowo przez ca\u0142\u0105 noc? - E-blog by Eurofirany\" \/>\n<meta property=\"og:description\" content=\"Jaka ko\u0142dra na \u0142\u00f3\u017cko 180x200, jaki rozmiar ko\u0142dry - Eurofirany\" \/>\n<meta property=\"og:url\" content=\"https:\/\/www.eurofirany.com.pl\/blog\/koldra-na-lozko-180x200-cm-jaka-wybrac-by-spac-komfortowo-przez-cala-noc\" \/>\n<meta property=\"og:site_name\" content=\"E-blog by Eurofirany\" \/>\n<meta property=\"article:published_time\" content=\"2025-09-05T20:38:50+00:00\" \/>\n<meta property=\"article:modified_time\" content=\"2025-09-10T21:03:04+00:00\" \/>\n<meta property=\"og:image\" content=\"https:\/\/www.eurofirany.com.pl\/blog\/wp-content\/uploads\/2025\/09\/90cd821610a8e57b873883ea08d3cb501.jpg\" \/>\n\t<meta property=\"og:image:width\" content=\"1200\" \/>\n\t<meta property=\"og:image:height\" content=\"1096\" \/>\n\t<meta property=\"og:image:type\" content=\"image\/jpeg\" \/>\n<meta name=\"author\" content=\"Jowita \u0141abys - dekoratorka\" \/>\n<meta name=\"twitter:card\" content=\"summary_large_image\" \/>\n<meta name=\"twitter:label1\" content=\"Napisane przez\" \/>\n\t<meta name=\"twitter:data1\" content=\"Jowita \u0141abys - dekoratorka\" \/>\n\t<meta name=\"twitter:label2\" content=\"Szacowany czas czytania\" \/>\n\t<meta name=\"twitter:data2\" content=\"6 minut\" \/>\n<script type=\"application\/ld+json\" class=\"yoast-schema-graph\">{\"@context\":\"https:\\\/\\\/schema.org\",\"@graph\":[{\"@type\":\"Article\",\"@id\":\"https:\\\/\\\/www.eurofirany.com.pl\\\/blog\\\/koldra-na-lozko-180x200-cm-jaka-wybrac-by-spac-komfortowo-przez-cala-noc#article\",\"isPartOf\":{\"@id\":\"https:\\\/\\\/www.eurofirany.com.pl\\\/blog\\\/koldra-na-lozko-180x200-cm-jaka-wybrac-by-spac-komfortowo-przez-cala-noc\"},\"author\":{\"name\":\"Jowita \u0141abys - dekoratorka\",\"@id\":\"https:\\\/\\\/www.eurofirany.com.pl\\\/blog\\\/#\\\/schema\\\/person\\\/c7d556332db4a21ba69be9a1dbd20740\"},\"headline\":\"Ko\u0142dra na \u0142\u00f3\u017cko 180\u00d7200 cm \u2013 jak\u0105 wybra\u0107, by spa\u0107 komfortowo przez ca\u0142\u0105 noc?\",\"datePublished\":\"2025-09-05T20:38:50+00:00\",\"dateModified\":\"2025-09-10T21:03:04+00:00\",\"mainEntityOfPage\":{\"@id\":\"https:\\\/\\\/www.eurofirany.com.pl\\\/blog\\\/koldra-na-lozko-180x200-cm-jaka-wybrac-by-spac-komfortowo-przez-cala-noc\"},\"wordCount\":937,\"publisher\":{\"@id\":\"https:\\\/\\\/www.eurofirany.com.pl\\\/blog\\\/#organization\"},\"image\":{\"@id\":\"https:\\\/\\\/www.eurofirany.com.pl\\\/blog\\\/koldra-na-lozko-180x200-cm-jaka-wybrac-by-spac-komfortowo-przez-cala-noc#primaryimage\"},\"thumbnailUrl\":\"https:\\\/\\\/www.eurofirany.com.pl\\\/blog\\\/wp-content\\\/uploads\\\/2025\\\/09\\\/90cd821610a8e57b873883ea08d3cb501.jpg\",\"articleSection\":[\"Dekorator poleca\"],\"inLanguage\":\"pl-PL\"},{\"@type\":\"WebPage\",\"@id\":\"https:\\\/\\\/www.eurofirany.com.pl\\\/blog\\\/koldra-na-lozko-180x200-cm-jaka-wybrac-by-spac-komfortowo-przez-cala-noc\",\"url\":\"https:\\\/\\\/www.eurofirany.com.pl\\\/blog\\\/koldra-na-lozko-180x200-cm-jaka-wybrac-by-spac-komfortowo-przez-cala-noc\",\"name\":\"Ko\u0142dra na \u0142\u00f3\u017cko 180\u00d7200 cm \u2013 jak\u0105 wybra\u0107, by spa\u0107 komfortowo przez ca\u0142\u0105 noc? - E-blog by Eurofirany\",\"isPartOf\":{\"@id\":\"https:\\\/\\\/www.eurofirany.com.pl\\\/blog\\\/#website\"},\"primaryImageOfPage\":{\"@id\":\"https:\\\/\\\/www.eurofirany.com.pl\\\/blog\\\/koldra-na-lozko-180x200-cm-jaka-wybrac-by-spac-komfortowo-przez-cala-noc#primaryimage\"},\"image\":{\"@id\":\"https:\\\/\\\/www.eurofirany.com.pl\\\/blog\\\/koldra-na-lozko-180x200-cm-jaka-wybrac-by-spac-komfortowo-przez-cala-noc#primaryimage\"},\"thumbnailUrl\":\"https:\\\/\\\/www.eurofirany.com.pl\\\/blog\\\/wp-content\\\/uploads\\\/2025\\\/09\\\/90cd821610a8e57b873883ea08d3cb501.jpg\",\"datePublished\":\"2025-09-05T20:38:50+00:00\",\"dateModified\":\"2025-09-10T21:03:04+00:00\",\"description\":\"Jaka ko\u0142dra na \u0142\u00f3\u017cko 180x200, jaki rozmiar ko\u0142dry - Eurofirany\",\"breadcrumb\":{\"@id\":\"https:\\\/\\\/www.eurofirany.com.pl\\\/blog\\\/koldra-na-lozko-180x200-cm-jaka-wybrac-by-spac-komfortowo-przez-cala-noc#breadcrumb\"},\"inLanguage\":\"pl-PL\",\"potentialAction\":[{\"@type\":\"ReadAction\",\"target\":[\"https:\\\/\\\/www.eurofirany.com.pl\\\/blog\\\/koldra-na-lozko-180x200-cm-jaka-wybrac-by-spac-komfortowo-przez-cala-noc\"]}]},{\"@type\":\"ImageObject\",\"inLanguage\":\"pl-PL\",\"@id\":\"https:\\\/\\\/www.eurofirany.com.pl\\\/blog\\\/koldra-na-lozko-180x200-cm-jaka-wybrac-by-spac-komfortowo-przez-cala-noc#primaryimage\",\"url\":\"https:\\\/\\\/www.eurofirany.com.pl\\\/blog\\\/wp-content\\\/uploads\\\/2025\\\/09\\\/90cd821610a8e57b873883ea08d3cb501.jpg\",\"contentUrl\":\"https:\\\/\\\/www.eurofirany.com.pl\\\/blog\\\/wp-content\\\/uploads\\\/2025\\\/09\\\/90cd821610a8e57b873883ea08d3cb501.jpg\",\"width\":1200,\"height\":1096,\"caption\":\"jaka ko\u0142dra na \u0142\u00f3\u017cko 180x200\"},{\"@type\":\"BreadcrumbList\",\"@id\":\"https:\\\/\\\/www.eurofirany.com.pl\\\/blog\\\/koldra-na-lozko-180x200-cm-jaka-wybrac-by-spac-komfortowo-przez-cala-noc#breadcrumb\",\"itemListElement\":[{\"@type\":\"ListItem\",\"position\":1,\"name\":\"Strona g\u0142\u00f3wna\",\"item\":\"https:\\\/\\\/www.eurofirany.com.pl\\\/blog\"},{\"@type\":\"ListItem\",\"position\":2,\"name\":\"Ko\u0142dra na \u0142\u00f3\u017cko 180\u00d7200 cm \u2013 jak\u0105 wybra\u0107, by spa\u0107 komfortowo przez ca\u0142\u0105 noc?\"}]},{\"@type\":\"WebSite\",\"@id\":\"https:\\\/\\\/www.eurofirany.com.pl\\\/blog\\\/#website\",\"url\":\"https:\\\/\\\/www.eurofirany.com.pl\\\/blog\\\/\",\"name\":\"E-blog by Eurofirany\",\"description\":\"\",\"publisher\":{\"@id\":\"https:\\\/\\\/www.eurofirany.com.pl\\\/blog\\\/#organization\"},\"potentialAction\":[{\"@type\":\"SearchAction\",\"target\":{\"@type\":\"EntryPoint\",\"urlTemplate\":\"https:\\\/\\\/www.eurofirany.com.pl\\\/blog\\\/?s={search_term_string}\"},\"query-input\":{\"@type\":\"PropertyValueSpecification\",\"valueRequired\":true,\"valueName\":\"search_term_string\"}}],\"inLanguage\":\"pl-PL\"},{\"@type\":\"Organization\",\"@id\":\"https:\\\/\\\/www.eurofirany.com.pl\\\/blog\\\/#organization\",\"name\":\"Eurofirany\",\"url\":\"https:\\\/\\\/www.eurofirany.com.pl\\\/blog\\\/\",\"logo\":{\"@type\":\"ImageObject\",\"inLanguage\":\"pl-PL\",\"@id\":\"https:\\\/\\\/www.eurofirany.com.pl\\\/blog\\\/#\\\/schema\\\/logo\\\/image\\\/\",\"url\":\"https:\\\/\\\/www.eurofirany.com.pl\\\/blog\\\/wp-content\\\/uploads\\\/2017\\\/07\\\/logo.png\",\"contentUrl\":\"https:\\\/\\\/www.eurofirany.com.pl\\\/blog\\\/wp-content\\\/uploads\\\/2017\\\/07\\\/logo.png\",\"width\":428,\"height\":201,\"caption\":\"Eurofirany\"},\"image\":{\"@id\":\"https:\\\/\\\/www.eurofirany.com.pl\\\/blog\\\/#\\\/schema\\\/logo\\\/image\\\/\"}},{\"@type\":\"Person\",\"@id\":\"https:\\\/\\\/www.eurofirany.com.pl\\\/blog\\\/#\\\/schema\\\/person\\\/c7d556332db4a21ba69be9a1dbd20740\",\"name\":\"Jowita \u0141abys - dekoratorka\",\"image\":{\"@type\":\"ImageObject\",\"inLanguage\":\"pl-PL\",\"@id\":\"https:\\\/\\\/secure.gravatar.com\\\/avatar\\\/96e28c4b41752b60a7d6809d852d6791fc995d093386cb6b8a35997ac73cf53c?s=96&d=mm&r=g\",\"url\":\"https:\\\/\\\/secure.gravatar.com\\\/avatar\\\/96e28c4b41752b60a7d6809d852d6791fc995d093386cb6b8a35997ac73cf53c?s=96&d=mm&r=g\",\"contentUrl\":\"https:\\\/\\\/secure.gravatar.com\\\/avatar\\\/96e28c4b41752b60a7d6809d852d6791fc995d093386cb6b8a35997ac73cf53c?s=96&d=mm&r=g\",\"caption\":\"Jowita \u0141abys - dekoratorka\"},\"description\":\"Wszystko zacz\u0119\u0142o si\u0119 niewinnie. Pierwszym projektem Jowity by\u0142o jej w\u0142asne mieszkanie. Od tego momentu pokocha\u0142a stylizacj\u0119 wn\u0119trz. I tak ju\u017c zosta\u0142o \u2026 od czternastu lat! Ta praca jest jednocze\u015bnie jej najwi\u0119ksz\u0105 pasj\u0105. Czego potwierdzeniem jest kilkaset zadowolonych klient\u00f3w. Zami\u0142owanie do niepowtarzalnych pomys\u0142\u00f3w \u0142\u0105czy z pasj\u0105 do wzornictwa. W jej torebce mo\u017cna odnale\u017a\u0107 nie tylko szmink\u0119 czy perfumy, ale tak\u017ce centymetr, pr\u00f3bki tkanin i kolor\u00f3w oraz\u2026 krawieckie no\u017cyczki. Czas wolny sp\u0119dza na spacerach z psem, ogl\u0105daj\u0105c dobry film lub po prostu w gronie przyjaci\u00f3\u0142. Na naszym blogu prowadzi k\u0105cik: Wn\u0119trzarskie Style i Trendy. Je\u015bli chcesz zapyta\u0107 naszego eksperta o rad\u0119, wy\u015blij wiadomo\u015b\u0107 w poni\u017cszym formularzu.\",\"url\":\"https:\\\/\\\/www.eurofirany.com.pl\\\/blog\\\/author\\\/jowita-labys\"}]}<\/script>\n<!-- \/ Yoast SEO plugin. -->","yoast_head_json":{"title":"Ko\u0142dra na \u0142\u00f3\u017cko 180\u00d7200 cm \u2013 jak\u0105 wybra\u0107, by spa\u0107 komfortowo przez ca\u0142\u0105 noc? - E-blog by Eurofirany","description":"Jaka ko\u0142dra na \u0142\u00f3\u017cko 180x200, jaki rozmiar ko\u0142dry - Eurofirany","robots":{"index":"index","follow":"follow","max-snippet":"max-snippet:-1","max-image-preview":"max-image-preview:large","max-video-preview":"max-video-preview:-1"},"canonical":"https:\/\/www.eurofirany.com.pl\/blog\/koldra-na-lozko-180x200-cm-jaka-wybrac-by-spac-komfortowo-przez-cala-noc","og_locale":"pl_PL","og_type":"article","og_title":"Ko\u0142dra na \u0142\u00f3\u017cko 180\u00d7200 cm \u2013 jak\u0105 wybra\u0107, by spa\u0107 komfortowo przez ca\u0142\u0105 noc? - E-blog by Eurofirany","og_description":"Jaka ko\u0142dra na \u0142\u00f3\u017cko 180x200, jaki rozmiar ko\u0142dry - Eurofirany","og_url":"https:\/\/www.eurofirany.com.pl\/blog\/koldra-na-lozko-180x200-cm-jaka-wybrac-by-spac-komfortowo-przez-cala-noc","og_site_name":"E-blog by Eurofirany","article_published_time":"2025-09-05T20:38:50+00:00","article_modified_time":"2025-09-10T21:03:04+00:00","og_image":[{"width":1200,"height":1096,"url":"https:\/\/www.eurofirany.com.pl\/blog\/wp-content\/uploads\/2025\/09\/90cd821610a8e57b873883ea08d3cb501.jpg","type":"image\/jpeg"}],"author":"Jowita \u0141abys - dekoratorka","twitter_card":"summary_large_image","twitter_misc":{"Napisane przez":"Jowita \u0141abys - dekoratorka","Szacowany czas czytania":"6 minut"},"schema":{"@context":"https:\/\/schema.org","@graph":[{"@type":"Article","@id":"https:\/\/www.eurofirany.com.pl\/blog\/koldra-na-lozko-180x200-cm-jaka-wybrac-by-spac-komfortowo-przez-cala-noc#article","isPartOf":{"@id":"https:\/\/www.eurofirany.com.pl\/blog\/koldra-na-lozko-180x200-cm-jaka-wybrac-by-spac-komfortowo-przez-cala-noc"},"author":{"name":"Jowita \u0141abys - dekoratorka","@id":"https:\/\/www.eurofirany.com.pl\/blog\/#\/schema\/person\/c7d556332db4a21ba69be9a1dbd20740"},"headline":"Ko\u0142dra na \u0142\u00f3\u017cko 180\u00d7200 cm \u2013 jak\u0105 wybra\u0107, by spa\u0107 komfortowo przez ca\u0142\u0105 noc?","datePublished":"2025-09-05T20:38:50+00:00","dateModified":"2025-09-10T21:03:04+00:00","mainEntityOfPage":{"@id":"https:\/\/www.eurofirany.com.pl\/blog\/koldra-na-lozko-180x200-cm-jaka-wybrac-by-spac-komfortowo-przez-cala-noc"},"wordCount":937,"publisher":{"@id":"https:\/\/www.eurofirany.com.pl\/blog\/#organization"},"image":{"@id":"https:\/\/www.eurofirany.com.pl\/blog\/koldra-na-lozko-180x200-cm-jaka-wybrac-by-spac-komfortowo-przez-cala-noc#primaryimage"},"thumbnailUrl":"https:\/\/www.eurofirany.com.pl\/blog\/wp-content\/uploads\/2025\/09\/90cd821610a8e57b873883ea08d3cb501.jpg","articleSection":["Dekorator poleca"],"inLanguage":"pl-PL"},{"@type":"WebPage","@id":"https:\/\/www.eurofirany.com.pl\/blog\/koldra-na-lozko-180x200-cm-jaka-wybrac-by-spac-komfortowo-przez-cala-noc","url":"https:\/\/www.eurofirany.com.pl\/blog\/koldra-na-lozko-180x200-cm-jaka-wybrac-by-spac-komfortowo-przez-cala-noc","name":"Ko\u0142dra na \u0142\u00f3\u017cko 180\u00d7200 cm \u2013 jak\u0105 wybra\u0107, by spa\u0107 komfortowo przez ca\u0142\u0105 noc? - E-blog by Eurofirany","isPartOf":{"@id":"https:\/\/www.eurofirany.com.pl\/blog\/#website"},"primaryImageOfPage":{"@id":"https:\/\/www.eurofirany.com.pl\/blog\/koldra-na-lozko-180x200-cm-jaka-wybrac-by-spac-komfortowo-przez-cala-noc#primaryimage"},"image":{"@id":"https:\/\/www.eurofirany.com.pl\/blog\/koldra-na-lozko-180x200-cm-jaka-wybrac-by-spac-komfortowo-przez-cala-noc#primaryimage"},"thumbnailUrl":"https:\/\/www.eurofirany.com.pl\/blog\/wp-content\/uploads\/2025\/09\/90cd821610a8e57b873883ea08d3cb501.jpg","datePublished":"2025-09-05T20:38:50+00:00","dateModified":"2025-09-10T21:03:04+00:00","description":"Jaka ko\u0142dra na \u0142\u00f3\u017cko 180x200, jaki rozmiar ko\u0142dry - Eurofirany","breadcrumb":{"@id":"https:\/\/www.eurofirany.com.pl\/blog\/koldra-na-lozko-180x200-cm-jaka-wybrac-by-spac-komfortowo-przez-cala-noc#breadcrumb"},"inLanguage":"pl-PL","potentialAction":[{"@type":"ReadAction","target":["https:\/\/www.eurofirany.com.pl\/blog\/koldra-na-lozko-180x200-cm-jaka-wybrac-by-spac-komfortowo-przez-cala-noc"]}]},{"@type":"ImageObject","inLanguage":"pl-PL","@id":"https:\/\/www.eurofirany.com.pl\/blog\/koldra-na-lozko-180x200-cm-jaka-wybrac-by-spac-komfortowo-przez-cala-noc#primaryimage","url":"https:\/\/www.eurofirany.com.pl\/blog\/wp-content\/uploads\/2025\/09\/90cd821610a8e57b873883ea08d3cb501.jpg","contentUrl":"https:\/\/www.eurofirany.com.pl\/blog\/wp-content\/uploads\/2025\/09\/90cd821610a8e57b873883ea08d3cb501.jpg","width":1200,"height":1096,"caption":"jaka ko\u0142dra na \u0142\u00f3\u017cko 180x200"},{"@type":"BreadcrumbList","@id":"https:\/\/www.eurofirany.com.pl\/blog\/koldra-na-lozko-180x200-cm-jaka-wybrac-by-spac-komfortowo-przez-cala-noc#breadcrumb","itemListElement":[{"@type":"ListItem","position":1,"name":"Strona g\u0142\u00f3wna","item":"https:\/\/www.eurofirany.com.pl\/blog"},{"@type":"ListItem","position":2,"name":"Ko\u0142dra na \u0142\u00f3\u017cko 180\u00d7200 cm \u2013 jak\u0105 wybra\u0107, by spa\u0107 komfortowo przez ca\u0142\u0105 noc?"}]},{"@type":"WebSite","@id":"https:\/\/www.eurofirany.com.pl\/blog\/#website","url":"https:\/\/www.eurofirany.com.pl\/blog\/","name":"E-blog by Eurofirany","description":"","publisher":{"@id":"https:\/\/www.eurofirany.com.pl\/blog\/#organization"},"potentialAction":[{"@type":"SearchAction","target":{"@type":"EntryPoint","urlTemplate":"https:\/\/www.eurofirany.com.pl\/blog\/?s={search_term_string}"},"query-input":{"@type":"PropertyValueSpecification","valueRequired":true,"valueName":"search_term_string"}}],"inLanguage":"pl-PL"},{"@type":"Organization","@id":"https:\/\/www.eurofirany.com.pl\/blog\/#organization","name":"Eurofirany","url":"https:\/\/www.eurofirany.com.pl\/blog\/","logo":{"@type":"ImageObject","inLanguage":"pl-PL","@id":"https:\/\/www.eurofirany.com.pl\/blog\/#\/schema\/logo\/image\/","url":"https:\/\/www.eurofirany.com.pl\/blog\/wp-content\/uploads\/2017\/07\/logo.png","contentUrl":"https:\/\/www.eurofirany.com.pl\/blog\/wp-content\/uploads\/2017\/07\/logo.png","width":428,"height":201,"caption":"Eurofirany"},"image":{"@id":"https:\/\/www.eurofirany.com.pl\/blog\/#\/schema\/logo\/image\/"}},{"@type":"Person","@id":"https:\/\/www.eurofirany.com.pl\/blog\/#\/schema\/person\/c7d556332db4a21ba69be9a1dbd20740","name":"Jowita \u0141abys - dekoratorka","image":{"@type":"ImageObject","inLanguage":"pl-PL","@id":"https:\/\/secure.gravatar.com\/avatar\/96e28c4b41752b60a7d6809d852d6791fc995d093386cb6b8a35997ac73cf53c?s=96&d=mm&r=g","url":"https:\/\/secure.gravatar.com\/avatar\/96e28c4b41752b60a7d6809d852d6791fc995d093386cb6b8a35997ac73cf53c?s=96&d=mm&r=g","contentUrl":"https:\/\/secure.gravatar.com\/avatar\/96e28c4b41752b60a7d6809d852d6791fc995d093386cb6b8a35997ac73cf53c?s=96&d=mm&r=g","caption":"Jowita \u0141abys - dekoratorka"},"description":"Wszystko zacz\u0119\u0142o si\u0119 niewinnie. Pierwszym projektem Jowity by\u0142o jej w\u0142asne mieszkanie. Od tego momentu pokocha\u0142a stylizacj\u0119 wn\u0119trz. I tak ju\u017c zosta\u0142o \u2026 od czternastu lat! Ta praca jest jednocze\u015bnie jej najwi\u0119ksz\u0105 pasj\u0105. Czego potwierdzeniem jest kilkaset zadowolonych klient\u00f3w. Zami\u0142owanie do niepowtarzalnych pomys\u0142\u00f3w \u0142\u0105czy z pasj\u0105 do wzornictwa. W jej torebce mo\u017cna odnale\u017a\u0107 nie tylko szmink\u0119 czy perfumy, ale tak\u017ce centymetr, pr\u00f3bki tkanin i kolor\u00f3w oraz\u2026 krawieckie no\u017cyczki. Czas wolny sp\u0119dza na spacerach z psem, ogl\u0105daj\u0105c dobry film lub po prostu w gronie przyjaci\u00f3\u0142. Na naszym blogu prowadzi k\u0105cik: Wn\u0119trzarskie Style i Trendy. Je\u015bli chcesz zapyta\u0107 naszego eksperta o rad\u0119, wy\u015blij wiadomo\u015b\u0107 w poni\u017cszym formularzu.","url":"https:\/\/www.eurofirany.com.pl\/blog\/author\/jowita-labys"}]}},"_links":{"self":[{"href":"https:\/\/www.eurofirany.com.pl\/blog\/wp-json\/wp\/v2\/posts\/18138","targetHints":{"allow":["GET"]}}],"collection":[{"href":"https:\/\/www.eurofirany.com.pl\/blog\/wp-json\/wp\/v2\/posts"}],"about":[{"href":"https:\/\/www.eurofirany.com.pl\/blog\/wp-json\/wp\/v2\/types\/post"}],"author":[{"embeddable":true,"href":"https:\/\/www.eurofirany.com.pl\/blog\/wp-json\/wp\/v2\/users\/8"}],"replies":[{"embeddable":true,"href":"https:\/\/www.eurofirany.com.pl\/blog\/wp-json\/wp\/v2\/comments?post=18138"}],"version-history":[{"count":1,"href":"https:\/\/www.eurofirany.com.pl\/blog\/wp-json\/wp\/v2\/posts\/18138\/revisions"}],"predecessor-version":[{"id":18144,"href":"https:\/\/www.eurofirany.com.pl\/blog\/wp-json\/wp\/v2\/posts\/18138\/revisions\/18144"}],"wp:featuredmedia":[{"embeddable":true,"href":"https:\/\/www.eurofirany.com.pl\/blog\/wp-json\/wp\/v2\/media\/18143"}],"wp:attachment":[{"href":"https:\/\/www.eurofirany.com.pl\/blog\/wp-json\/wp\/v2\/media?parent=18138"}],"wp:term":[{"taxonomy":"category","embeddable":true,"href":"https:\/\/www.eurofirany.com.pl\/blog\/wp-json\/wp\/v2\/categories?post=18138"},{"taxonomy":"post_tag","embeddable":true,"href":"https:\/\/www.eurofirany.com.pl\/blog\/wp-json\/wp\/v2\/tags?post=18138"}],"curies":[{"name":"wp","href":"https:\/\/api.w.org\/{rel}","templated":true}]}}