{"id":3281,"date":"2018-03-27T10:55:08","date_gmt":"2018-03-27T08:55:08","guid":{"rendered":"https:\/\/www.eurofirany.com.pl\/blog\/?p=3281"},"modified":"2018-04-25T09:46:33","modified_gmt":"2018-04-25T07:46:33","slug":"pokoj-dla-dziewczynki-dobrac-dodatki-dla-malej-ksiezniczki","status":"publish","type":"post","link":"https:\/\/www.eurofirany.com.pl\/blog\/pokoj-dla-dziewczynki-dobrac-dodatki-dla-malej-ksiezniczki","title":{"rendered":"Pok\u00f3j dla dziewczynki \u2013 jak dobra\u0107 dodatki dla ma\u0142ej ksi\u0119\u017cniczki?"},"content":{"rendered":"<span class=\"span-reading-time rt-reading-time\" style=\"display: block;\"><span class=\"rt-label rt-prefix\">Czas czytania: <\/span> <span class=\"rt-time\"> 4<\/span> <span class=\"rt-label rt-postfix\">minuty<\/span><\/span><p style=\"text-align: justify;\"><strong>Ka\u017cda ma\u0142a dziewczynka marzy o w\u0142asnym pokoju, w kt\u00f3rym poczuje si\u0119 jak prawdziwa ksi\u0119\u017cniczka. Du\u017c\u0105 rol\u0119 w jego aran\u017cacji odgrywaj\u0105 jednak nie tylko meble, ale i dodatki. Jak dopasowa\u0107 je do wn\u0119trza, by budowa\u0142y bajkowy klimat? Jak sprawi\u0107, by pok\u00f3j dla dziewczynki sta\u0142 si\u0119 jej ma\u0142ym kr\u00f3lestwem?<\/strong><!--more--><\/p>\n<h2 style=\"text-align: justify;\"><strong><div class=\"su-spacer\" style=\"height:20px\"><\/div>R\u00f3\u017c i bajkowe ksi\u0119\u017cniczki? Nie tylko! <\/strong><\/h2>\n<p style=\"text-align: justify;\">Czy syrenka Arielka, pi\u0119kna Bella i odwa\u017cna Elsa z Krainy Lodu s\u0105 najlepszymi przyjaci\u00f3\u0142kami Twojej c\u00f3reczki? Nic dziwnego &#8211; bajkowe ksi\u0119\u017cniczki to ukochane postacie wi\u0119kszo\u015bci ma\u0142ych dziewczynek. Wykorzystaj ulubione bohaterki dziecka i w prosty spos\u00f3b stw\u00f3rz wymarzony pok\u00f3j dla dziewczynki! A co je\u015bli Twoja ma\u0142a ksi\u0119\u017cniczka ma inny gust?<\/p>\n<p style=\"text-align: justify;\"><strong>Zdecyduj si\u0119 na motyw przewodni, kt\u00f3ry b\u0119dzie si\u0119 pojawia\u0142 w okre\u015blonych strefach pokoju dziecka. <\/strong>Mo\u017ce to by\u0107 ulubiona posta\u0107 z bajki lub zwierz\u0105tko (np. <a href=\"https:\/\/www.eurofirany.com.pl\/p\/poduszka-dekoracyjna-gufo-22899\">sowa<\/a>, <a href=\"https:\/\/www.eurofirany.com.pl\/p\/poszewka-dekoracyjna-animal-20922\">kotek<\/a>). <strong>Pami\u0119taj, \u017ce ilo\u015b\u0107 dodatk\u00f3w w pokoju dla dziewczynki nie powinna by\u0107 du\u017ca<\/strong> \u2013 wi\u0119kszo\u015b\u0107 dzieci ma ca\u0142kiem sporo zabawek (kt\u00f3rych ilo\u015b\u0107 z czasem tylko si\u0119 zwi\u0119ksza) \u2013 r\u00f3wnie\u017c one pe\u0142ni\u0105 funkcj\u0119 dekoracyjn\u0105.<\/p>\n<p style=\"text-align: justify;\">Zestawienie kolor\u00f3w ma znaczenie! Oczywi\u015bcie nie jest powiedziane, \u017ce pok\u00f3j dziewczynki musi by\u0107 urz\u0105dzony w odcieniach r\u00f3\u017cu. <strong>Kolorystyk\u0119 uzale\u017cnij od temperamentu i upodoba\u0144 c\u00f3reczki.<\/strong> Istotne jest r\u00f3wnie\u017c, by nie przesadzi\u0107 z kontrastowymi kolorami, gdy\u017c mog\u0105 one nadmiernie pobudza\u0107 dziecko lub je niepotrzebnie rozprasza\u0107.<\/p>\n<p><img loading=\"lazy\" decoding=\"async\" class=\"aligncenter wp-image-3291 size-full\" src=\"https:\/\/www.eurofirany.com.pl\/blog\/wp-content\/uploads\/2018\/03\/pok\u00f3j-dziewczynki-1.jpg\" alt=\"Pok\u00f3j dla dziewczynki\" width=\"750\" height=\"750\" \/><\/p>\n<h2 style=\"text-align: justify;\"><strong><div class=\"su-spacer\" style=\"height:20px\"><\/div>Pok\u00f3j dla dziewczynki: jak udekorowa\u0107 okna? <\/strong><\/h2>\n<p style=\"text-align: justify;\">Je\u015bli nie chcesz wiesza\u0107 na \u015bcianach plakat\u00f3w i malowa\u0107 pokoju na r\u00f3\u017cowo, \u015bwietnym rozwi\u0105zaniem b\u0119dzie powieszenie zas\u0142on np. w intensywnym kolorze, z nadrukowanymi postaciami z animowanych film\u00f3w i dobranie pasuj\u0105cej po\u015bcieli w jogurtowych barwach.<\/p>\n<p style=\"text-align: justify;\"><strong>Okna w pokoju dziewczynki mo\u017cesz udekorowa\u0107 firank\u0105 lub <a href=\"https:\/\/www.eurofirany.com.pl\/sklep-online\/firany-zaslony-dzieciece-921\">zas\u0142onkami<\/a> w motywy z ulubionej bajki. Ten sam motyw przenie\u015b r\u00f3wnie\u017c na poduchy czy narzut\u0119 na \u0142\u00f3\u017cko.<\/strong> Nie przesadzaj z nadmiarem motyw\u00f3w i detali &#8211; stonuj je g\u0142adkimi materia\u0142ami. Je\u015bli motyw bajkowy wyst\u0119puje np. na \u015bcianie, okna udekoruj dobrze zmarszczon\u0105 firank\u0105. Najlepiej wybierz g\u0142adk\u0105, bia\u0142\u0105 lub w kolorze naturalnym, podpi\u0119t\u0105 na boki ozdobnymi szarfami lub koralikami. Dla podkre\u015blenia efektu mo\u017cesz dodatkowo powiesi\u0107 na karniszu kryszta\u0142kowe girlandy na wz\u00f3r klejnot\u00f3w, od kt\u00f3rych odbite \u015bwiat\u0142o (sztuczne lub s\u0142oneczne) stworzy delikatne, \u015bwietlne refleksy.<\/p>\n<p style=\"text-align: justify;\"><strong>Opr\u00f3cz upi\u0119tych na boki firan mo\u017cesz zastosowa\u0107 rolet\u0119 rzymsk\u0105 z ulubionymi motywami lub w pasuj\u0105cych do wn\u0119trza kolorach.<\/strong> Do jej ozdobienia u\u017cyj element\u00f3w pasmanterii (wst\u0105\u017cek, koralik\u00f3w). Wszystko zale\u017cy od tego, jaki efekt chcesz uzyska\u0107.<\/p>\n<p><a href=\"https:\/\/www.eurofirany.com.pl\/p\/taboret-etsy-22381\"><img loading=\"lazy\" decoding=\"async\" class=\"aligncenter wp-image-3294 size-full\" src=\"https:\/\/www.eurofirany.com.pl\/blog\/wp-content\/uploads\/2018\/03\/pok\u00f3j-dziewczynki-5.jpg\" alt=\"Pok\u00f3j dla dziewczynki\" width=\"642\" height=\"750\" \/><\/a><\/p>\n<h2 style=\"text-align: justify;\"><strong><div class=\"su-spacer\" style=\"height:20px\"><\/div>Dodatki w pokoju dziewczynki: stw\u00f3rz bajkowy klimat!<\/strong><\/h2>\n<p style=\"text-align: justify;\">\u015awietnym dodatkiem do wn\u0119trza mog\u0105 by\u0107 r\u00f3\u017cnego rodzaju <a href=\"https:\/\/www.eurofirany.com.pl\/sklep-online\/poszewki-dla-dziecka-881\">poduszki<\/a> zgromadzone na \u0142\u00f3\u017cku (z ulubionymi motywami i w ciekawym kszta\u0142cie, np. sowy). Mo\u017cesz tworzy\u0107 r\u00f3\u017cnokolorowe po\u0142\u0105czenia (np. z falbankami, guziczkami, cekinami, futerkiem itp.). <strong>R\u00f3wnie\u017c uszyta na miar\u0119 narzuta, koc i dobrana kolorystycznie po\u015bciel b\u0119dzie \u2013 wed\u0142ug mnie \u2013 doskona\u0142ym uzupe\u0142nieniem wystroju wn\u0119trza. <\/strong><\/p>\n<p style=\"text-align: justify;\">Spektakularny efekt tworz\u0105 zawieszone od sufitu (najcz\u0119\u015bciej na lampie) tiulowe kule w r\u00f3\u017cnych kolorach i kszta\u0142tach. \u015awietnie mog\u0105 one imitowa\u0107 kolorowe, w\u0119druj\u0105ce przez pok\u00f3j chmurki!<\/p>\n<p style=\"text-align: justify;\">Na \u015bcianie powie\u015b kolorowe obrazki, tematycznie zwi\u0105zane z og\u00f3lnym wystrojem pokoju (r\u00f3wnie\u017c np. z motywem sowy) lub ciekawe ramki na zdj\u0119cia. Mo\u017cesz tak\u017ce postawi\u0107 je na p\u00f3\u0142kach lub komodzie w ciekawej konfiguracji. <strong>Ozdob\u0105 pokoju nieco starszej dziewczynki b\u0119d\u0105 ceramiczne figurki, kt\u00f3re cz\u0119sto wyst\u0119puj\u0105 w pi\u0119knych, urozmaiconych pod k\u0105tem wielko\u015bci, kszta\u0142tu i koloru kolekcjach.<\/strong><\/p>\n<p><a href=\"https:\/\/www.eurofirany.com.pl\/sklep-online\/poszewki-dla-dziecka-881\"><img loading=\"lazy\" decoding=\"async\" class=\"aligncenter wp-image-3293 size-full\" src=\"https:\/\/www.eurofirany.com.pl\/blog\/wp-content\/uploads\/2018\/03\/pok\u00f3j-dziewczynki-4.jpg\" alt=\"Pok\u00f3j dla dziewczynki\" width=\"974\" height=\"750\" \/><\/a><\/p>\n<h2 style=\"text-align: justify;\"><strong><div class=\"su-spacer\" style=\"height:20px\"><\/div>Baldachim &#8211; sekretne miejsce dla Twojej c\u00f3reczki<\/strong><\/h2>\n<p style=\"text-align: justify;\">Chcesz zach\u0119ci\u0107 swoj\u0105 c\u00f3rk\u0119 do czytania? \u015awietnym pomys\u0142em b\u0119dzie stworzenie przytulnej przestrzeni, w kt\u00f3rej mog\u0142aby zagubi\u0107 si\u0119 w ksi\u0105\u017ckowym \u015bwiecie. <strong>Zawie\u015b nad \u0142\u00f3\u017ckiem tiulowy baldachim!<\/strong> Mo\u017ce by\u0107 wykonany z bia\u0142ego tiulu lub w kolorze dopasowanym do wn\u0119trza, stworzony z firany lub cienkiej zas\u0142ony. Twoja c\u00f3rka z pewno\u015bci\u0105 zachwyci si\u0119 tym pomys\u0142em. Dodaj do tego kilka mi\u0119kkich akcent\u00f3w w postaci kocyk\u00f3w i poduszek o r\u00f3\u017cnych formach i zwierz\u0119cych kszta\u0142tach (zwr\u00f3\u0107 uwag\u0119 na zabawne kotki i pluszowe sowy), a uzyskasz niezwykle przytulny i bardzo dziewcz\u0119cy efekt.<\/p>\n<p><a href=\"https:\/\/www.eurofirany.com.pl\/p\/poszewka-helen-13317\"><img loading=\"lazy\" decoding=\"async\" class=\"aligncenter wp-image-3292 size-full\" src=\"https:\/\/www.eurofirany.com.pl\/blog\/wp-content\/uploads\/2018\/03\/pok\u00f3j-dziewczynki-2-1.jpg\" alt=\"Pok\u00f3j dla dziewczynki\" width=\"750\" height=\"750\" \/><\/a><\/p>\n<h2><strong><div class=\"su-spacer\" style=\"height:20px\"><\/div>Pok\u00f3j dla dziewczynki: skandynawski minimalizm<\/strong><\/h2>\n<p style=\"text-align: justify;\">Maria Montessori podkre\u015bla\u0142a, \u017ce \u201eaby pom\u00f3c dziecku, musimy zapewni\u0107 mu \u015brodowisko, kt\u00f3re pozwoli mu swobodnie si\u0119 rozwija\u0107\u201d. Sypialnia dla dziewczynki urz\u0105dzona w <strong><a href=\"https:\/\/www.eurofirany.com.pl\/blog\/minimalistyczna-sypialnia-czyli-wnetrze-dla-fanow-prostoty\" target=\"_blank\" rel=\"noopener\">minimalistycznym stylu<\/a><\/strong> z dodatkiem pasteli \u015bwietnie wpisuje si\u0119 w t\u0119 filozofi\u0119.<\/p>\n<p style=\"text-align: justify;\">Nie da si\u0119 ukry\u0107, \u017ce wiele ma\u0142ych dziewczynek kocha r\u00f3\u017c, ale to nie znaczy, \u017ce pok\u00f3j dla dziewczynki musi wygl\u0105da\u0107 jak fabryka gumy do \u017cucia. Zaproponowana przeze mnie aran\u017cacja to \u015bwie\u017cy efekt, uzyskany dzi\u0119ki spokojniejszej palecie barw. Neutralne kolory i naturalne materia\u0142y w prostej formie pobudzaj\u0105 wyobra\u017ani\u0119 dziecka i sprawiaj\u0105, \u017ce przestrze\u0144 stanie si\u0119 bardzo uniwersalna &#8211; \u015bwietnie wytrzyma pr\u00f3b\u0119 czasu i nada si\u0119 tak\u017ce dla starszego dziecka.<\/p>\n<p style=\"text-align: justify;\">Dzi\u0119ki wykorzystaniu bia\u0142ego t\u0142a (\u015bciany, jasne pod\u0142ogi, meble) mo\u017cesz stworzy\u0107 spokojn\u0105 i uporz\u0105dkowan\u0105 przestrze\u0144. <strong>Mieszanka szarych, r\u00f3\u017cowych i mi\u0119towych akcesori\u00f3w sprawia, \u017ce \u200b\u200bpok\u00f3j jest tak nowoczesny.<\/strong> Co wi\u0119cej, dzi\u0119ki tak pow\u015bci\u0105gliwej palecie kolor\u00f3w pok\u00f3j dziecka b\u0119dzie zawsze wygl\u0105da\u0142 stylowo, bez wzgl\u0119du na to, jak bardzo jest nieuporz\u0105dkowany. Pami\u0119taj, \u017ceby tak zaaran\u017cowa\u0107 przestrze\u0144, by ilo\u015b\u0107 ogranicze\u0144 by\u0142a minimalna. Przestrze\u0144 musi by\u0107 bezpieczna i dost\u0119pna dla Twojej ma\u0142ej ksi\u0119\u017cniczki.<\/p>\n<p style=\"text-align: justify;\"><strong>Nie zapomnij o delikatnych dodatkach &#8211; <a href=\"https:\/\/www.eurofirany.com.pl\/szukaj=cotton%20balls++?szukaj=cotton+balls\">cotton ballsach<\/a> w nieco mocniejszych kolorach, porcelanowych figurkach uroczych kotk\u00f3w czy oprawionych w proste ramki \u201edzie\u0142ach sztuki\u201d Twojej pociechy.<\/strong> W ko\u0144cu nikt tak pi\u0119knie nie rysuje mamy, jak Twoja c\u00f3reczka.<\/p>\n<p style=\"text-align: justify;\">Dzisiejsze sypialnie dla dziewczynek s\u0105 tak r\u00f3\u017cnorodne, jak ich osobowo\u015b\u0107. Pami\u0119taj, \u017ce mo\u017cesz w prosty spos\u00f3b po\u0142\u0105czy\u0107 sypialni\u0119 dziewczynki z reszt\u0105 mieszkania w stylu skandynawskim, loftowym czy nawet neofolk &#8211; sprawd\u017a nasze inspiracje. Mi\u0142ych sn\u00f3w, Ksi\u0119\u017cniczko!<\/p>\n","protected":false},"excerpt":{"rendered":"<p><span class=\"span-reading-time rt-reading-time\" style=\"display: block;\"><span class=\"rt-label rt-prefix\">Czas czytania: <\/span> <span class=\"rt-time\"> 4<\/span> <span class=\"rt-label rt-postfix\">minuty<\/span><\/span>Ka\u017cda ma\u0142a dziewczynka marzy o w\u0142asnym pokoju, w kt\u00f3rym poczuje si\u0119 jak prawdziwa ksi\u0119\u017cniczka. Du\u017c\u0105 rol\u0119 w jego aran\u017cacji odgrywaj\u0105 jednak nie tylko meble, ale i dodatki. Jak dopasowa\u0107 je do wn\u0119trza, by budowa\u0142y bajkowy klimat? Jak sprawi\u0107, by pok\u00f3j [&hellip;]<\/p>\n","protected":false},"author":1,"featured_media":3290,"comment_status":"open","ping_status":"open","sticky":false,"template":"","format":"standard","meta":{"footnotes":""},"categories":[28,33],"tags":[89,87],"class_list":["post-3281","post","type-post","status-publish","format-standard","has-post-thumbnail","hentry","category-inspiracje","category-pokoj-dziecka","tag-style-wnetrzarskie","tag-wnetrza-inspiracje"],"yoast_head":"<!-- This site is optimized with the Yoast SEO plugin v27.3 - https:\/\/yoast.com\/product\/yoast-seo-wordpress\/ -->\n<title>Pok\u00f3j dla dziewczynki \u2013 jak dobra\u0107 dodatki dla ma\u0142ej ksi\u0119\u017cniczki? - E-blog by Eurofirany<\/title>\n<meta name=\"robots\" content=\"index, follow, max-snippet:-1, max-image-preview:large, max-video-preview:-1\" \/>\n<link rel=\"canonical\" href=\"https:\/\/www.eurofirany.com.pl\/blog\/pokoj-dla-dziewczynki-dobrac-dodatki-dla-malej-ksiezniczki\" \/>\n<meta property=\"og:locale\" content=\"pl_PL\" \/>\n<meta property=\"og:type\" content=\"article\" \/>\n<meta property=\"og:title\" content=\"Pok\u00f3j dla dziewczynki \u2013 jak dobra\u0107 dodatki dla ma\u0142ej ksi\u0119\u017cniczki? - E-blog by Eurofirany\" \/>\n<meta property=\"og:description\" content=\"Czas czytania:  4 minutyKa\u017cda ma\u0142a dziewczynka marzy o w\u0142asnym pokoju, w kt\u00f3rym poczuje si\u0119 jak prawdziwa ksi\u0119\u017cniczka. Du\u017c\u0105 rol\u0119 w jego aran\u017cacji odgrywaj\u0105 jednak nie tylko meble, ale i dodatki. Jak dopasowa\u0107 je do wn\u0119trza, by budowa\u0142y bajkowy klimat? Jak sprawi\u0107, by pok\u00f3j [&hellip;]\" \/>\n<meta property=\"og:url\" content=\"https:\/\/www.eurofirany.com.pl\/blog\/pokoj-dla-dziewczynki-dobrac-dodatki-dla-malej-ksiezniczki\" \/>\n<meta property=\"og:site_name\" content=\"E-blog by Eurofirany\" \/>\n<meta property=\"article:published_time\" content=\"2018-03-27T08:55:08+00:00\" \/>\n<meta property=\"article:modified_time\" content=\"2018-04-25T07:46:33+00:00\" \/>\n<meta property=\"og:image\" content=\"https:\/\/www.eurofirany.com.pl\/blog\/wp-content\/uploads\/2018\/03\/pok\u00f3j-dziewczynki-g\u0142\u00f3wne.jpg\" \/>\n\t<meta property=\"og:image:width\" content=\"1260\" \/>\n\t<meta property=\"og:image:height\" content=\"750\" \/>\n\t<meta property=\"og:image:type\" content=\"image\/jpeg\" \/>\n<meta name=\"author\" content=\"Eurofirany\" \/>\n<meta name=\"twitter:card\" content=\"summary_large_image\" \/>\n<meta name=\"twitter:label1\" content=\"Napisane przez\" \/>\n\t<meta name=\"twitter:data1\" content=\"Eurofirany\" \/>\n\t<meta name=\"twitter:label2\" content=\"Szacowany czas czytania\" \/>\n\t<meta name=\"twitter:data2\" content=\"5 minut\" \/>\n<script type=\"application\/ld+json\" class=\"yoast-schema-graph\">{\"@context\":\"https:\\\/\\\/schema.org\",\"@graph\":[{\"@type\":\"Article\",\"@id\":\"https:\\\/\\\/www.eurofirany.com.pl\\\/blog\\\/pokoj-dla-dziewczynki-dobrac-dodatki-dla-malej-ksiezniczki#article\",\"isPartOf\":{\"@id\":\"https:\\\/\\\/www.eurofirany.com.pl\\\/blog\\\/pokoj-dla-dziewczynki-dobrac-dodatki-dla-malej-ksiezniczki\"},\"author\":{\"name\":\"Eurofirany\",\"@id\":\"https:\\\/\\\/www.eurofirany.com.pl\\\/blog\\\/#\\\/schema\\\/person\\\/40668cc81b90ccb029e2520a25e90b73\"},\"headline\":\"Pok\u00f3j dla dziewczynki \u2013 jak dobra\u0107 dodatki dla ma\u0142ej ksi\u0119\u017cniczki?\",\"datePublished\":\"2018-03-27T08:55:08+00:00\",\"dateModified\":\"2018-04-25T07:46:33+00:00\",\"mainEntityOfPage\":{\"@id\":\"https:\\\/\\\/www.eurofirany.com.pl\\\/blog\\\/pokoj-dla-dziewczynki-dobrac-dodatki-dla-malej-ksiezniczki\"},\"wordCount\":1053,\"commentCount\":3,\"publisher\":{\"@id\":\"https:\\\/\\\/www.eurofirany.com.pl\\\/blog\\\/#organization\"},\"image\":{\"@id\":\"https:\\\/\\\/www.eurofirany.com.pl\\\/blog\\\/pokoj-dla-dziewczynki-dobrac-dodatki-dla-malej-ksiezniczki#primaryimage\"},\"thumbnailUrl\":\"https:\\\/\\\/www.eurofirany.com.pl\\\/blog\\\/wp-content\\\/uploads\\\/2018\\\/03\\\/pok\u00f3j-dziewczynki-g\u0142\u00f3wne.jpg\",\"keywords\":[\"style wn\u0119trzarskie\",\"Wn\u0119trza inspiracje\"],\"articleSection\":[\"Inspiracje\",\"Pok\u00f3j dziecka\"],\"inLanguage\":\"pl-PL\",\"potentialAction\":[{\"@type\":\"CommentAction\",\"name\":\"Comment\",\"target\":[\"https:\\\/\\\/www.eurofirany.com.pl\\\/blog\\\/pokoj-dla-dziewczynki-dobrac-dodatki-dla-malej-ksiezniczki#respond\"]}]},{\"@type\":\"WebPage\",\"@id\":\"https:\\\/\\\/www.eurofirany.com.pl\\\/blog\\\/pokoj-dla-dziewczynki-dobrac-dodatki-dla-malej-ksiezniczki\",\"url\":\"https:\\\/\\\/www.eurofirany.com.pl\\\/blog\\\/pokoj-dla-dziewczynki-dobrac-dodatki-dla-malej-ksiezniczki\",\"name\":\"Pok\u00f3j dla dziewczynki \u2013 jak dobra\u0107 dodatki dla ma\u0142ej ksi\u0119\u017cniczki? - E-blog by Eurofirany\",\"isPartOf\":{\"@id\":\"https:\\\/\\\/www.eurofirany.com.pl\\\/blog\\\/#website\"},\"primaryImageOfPage\":{\"@id\":\"https:\\\/\\\/www.eurofirany.com.pl\\\/blog\\\/pokoj-dla-dziewczynki-dobrac-dodatki-dla-malej-ksiezniczki#primaryimage\"},\"image\":{\"@id\":\"https:\\\/\\\/www.eurofirany.com.pl\\\/blog\\\/pokoj-dla-dziewczynki-dobrac-dodatki-dla-malej-ksiezniczki#primaryimage\"},\"thumbnailUrl\":\"https:\\\/\\\/www.eurofirany.com.pl\\\/blog\\\/wp-content\\\/uploads\\\/2018\\\/03\\\/pok\u00f3j-dziewczynki-g\u0142\u00f3wne.jpg\",\"datePublished\":\"2018-03-27T08:55:08+00:00\",\"dateModified\":\"2018-04-25T07:46:33+00:00\",\"breadcrumb\":{\"@id\":\"https:\\\/\\\/www.eurofirany.com.pl\\\/blog\\\/pokoj-dla-dziewczynki-dobrac-dodatki-dla-malej-ksiezniczki#breadcrumb\"},\"inLanguage\":\"pl-PL\",\"potentialAction\":[{\"@type\":\"ReadAction\",\"target\":[\"https:\\\/\\\/www.eurofirany.com.pl\\\/blog\\\/pokoj-dla-dziewczynki-dobrac-dodatki-dla-malej-ksiezniczki\"]}]},{\"@type\":\"ImageObject\",\"inLanguage\":\"pl-PL\",\"@id\":\"https:\\\/\\\/www.eurofirany.com.pl\\\/blog\\\/pokoj-dla-dziewczynki-dobrac-dodatki-dla-malej-ksiezniczki#primaryimage\",\"url\":\"https:\\\/\\\/www.eurofirany.com.pl\\\/blog\\\/wp-content\\\/uploads\\\/2018\\\/03\\\/pok\u00f3j-dziewczynki-g\u0142\u00f3wne.jpg\",\"contentUrl\":\"https:\\\/\\\/www.eurofirany.com.pl\\\/blog\\\/wp-content\\\/uploads\\\/2018\\\/03\\\/pok\u00f3j-dziewczynki-g\u0142\u00f3wne.jpg\",\"width\":1260,\"height\":750,\"caption\":\"Pok\u00f3j dla dziewczynki - najmodniejsze aran\u017cacje\"},{\"@type\":\"BreadcrumbList\",\"@id\":\"https:\\\/\\\/www.eurofirany.com.pl\\\/blog\\\/pokoj-dla-dziewczynki-dobrac-dodatki-dla-malej-ksiezniczki#breadcrumb\",\"itemListElement\":[{\"@type\":\"ListItem\",\"position\":1,\"name\":\"Strona g\u0142\u00f3wna\",\"item\":\"https:\\\/\\\/www.eurofirany.com.pl\\\/blog\"},{\"@type\":\"ListItem\",\"position\":2,\"name\":\"Pok\u00f3j dla dziewczynki \u2013 jak dobra\u0107 dodatki dla ma\u0142ej ksi\u0119\u017cniczki?\"}]},{\"@type\":\"WebSite\",\"@id\":\"https:\\\/\\\/www.eurofirany.com.pl\\\/blog\\\/#website\",\"url\":\"https:\\\/\\\/www.eurofirany.com.pl\\\/blog\\\/\",\"name\":\"E-blog by Eurofirany\",\"description\":\"\",\"publisher\":{\"@id\":\"https:\\\/\\\/www.eurofirany.com.pl\\\/blog\\\/#organization\"},\"potentialAction\":[{\"@type\":\"SearchAction\",\"target\":{\"@type\":\"EntryPoint\",\"urlTemplate\":\"https:\\\/\\\/www.eurofirany.com.pl\\\/blog\\\/?s={search_term_string}\"},\"query-input\":{\"@type\":\"PropertyValueSpecification\",\"valueRequired\":true,\"valueName\":\"search_term_string\"}}],\"inLanguage\":\"pl-PL\"},{\"@type\":\"Organization\",\"@id\":\"https:\\\/\\\/www.eurofirany.com.pl\\\/blog\\\/#organization\",\"name\":\"Eurofirany\",\"url\":\"https:\\\/\\\/www.eurofirany.com.pl\\\/blog\\\/\",\"logo\":{\"@type\":\"ImageObject\",\"inLanguage\":\"pl-PL\",\"@id\":\"https:\\\/\\\/www.eurofirany.com.pl\\\/blog\\\/#\\\/schema\\\/logo\\\/image\\\/\",\"url\":\"https:\\\/\\\/www.eurofirany.com.pl\\\/blog\\\/wp-content\\\/uploads\\\/2017\\\/07\\\/logo.png\",\"contentUrl\":\"https:\\\/\\\/www.eurofirany.com.pl\\\/blog\\\/wp-content\\\/uploads\\\/2017\\\/07\\\/logo.png\",\"width\":428,\"height\":201,\"caption\":\"Eurofirany\"},\"image\":{\"@id\":\"https:\\\/\\\/www.eurofirany.com.pl\\\/blog\\\/#\\\/schema\\\/logo\\\/image\\\/\"}},{\"@type\":\"Person\",\"@id\":\"https:\\\/\\\/www.eurofirany.com.pl\\\/blog\\\/#\\\/schema\\\/person\\\/40668cc81b90ccb029e2520a25e90b73\",\"name\":\"Eurofirany\",\"image\":{\"@type\":\"ImageObject\",\"inLanguage\":\"pl-PL\",\"@id\":\"https:\\\/\\\/secure.gravatar.com\\\/avatar\\\/a39a7f2138e0314b2b203f3bfbe1308e0284f34e289e0d6c8cd96737f79df0bd?s=96&d=mm&r=g\",\"url\":\"https:\\\/\\\/secure.gravatar.com\\\/avatar\\\/a39a7f2138e0314b2b203f3bfbe1308e0284f34e289e0d6c8cd96737f79df0bd?s=96&d=mm&r=g\",\"contentUrl\":\"https:\\\/\\\/secure.gravatar.com\\\/avatar\\\/a39a7f2138e0314b2b203f3bfbe1308e0284f34e289e0d6c8cd96737f79df0bd?s=96&d=mm&r=g\",\"caption\":\"Eurofirany\"},\"description\":\"Jeste\u015bmy rodzinn\u0105 firm\u0105, obecn\u0105 na rynku od 1991 roku. Dzi\u0119ki dba\u0142o\u015bci o niespotykan\u0105 oryginalno\u015b\u0107 i najwy\u017csz\u0105 jako\u015b\u0107 zapewnili\u015bmy sobie siln\u0105 pozycj\u0119 w bran\u017cy home decor. Inspiracji dla swoich kolekcji szukamy na krajowych i mi\u0119dzynarodowych targach wn\u0119trzarskich. Wsp\u00f3\u0142pracujemy r\u00f3wnie\u017c z ikonami stylu i projektantami rangi \u015bwiatowej, jak Eva Minge czy Pierre Cardin. Posiadamy prawie 70 salon\u00f3w stacjonarnych i bogato wyposa\u017cony sklep online. Oferujemy nie tylko firany i zas\u0142ony, ale te\u017c narzuty, koce, po\u015bciele, r\u0119czniki, obrusy, lampy czy ceramik\u0119 u\u017cytkow\u0105. Zapewniamy wi\u0119c tkaniny, dodatki i akcesoria do pi\u0119knych wn\u0119trz \u2013 Twoich wn\u0119trz. Zajmujemy si\u0119 te\u017c profesjonalnym szyciem firan i zas\u0142on na wymiar. Dzi\u0119ki wieloletniemu do\u015bwiadczeniu, w\u0142asnej pracowni krawieckiej oraz zespo\u0142owi stylist\u00f3w wn\u0119trz, jeste\u015bmy w stanie sprosta\u0107 ka\u017cdemu wyzwaniu. Sprawd\u017a nas!\",\"url\":\"https:\\\/\\\/www.eurofirany.com.pl\\\/blog\\\/author\\\/eurofirany\"}]}<\/script>\n<!-- \/ Yoast SEO plugin. -->","yoast_head_json":{"title":"Pok\u00f3j dla dziewczynki \u2013 jak dobra\u0107 dodatki dla ma\u0142ej ksi\u0119\u017cniczki? - E-blog by Eurofirany","robots":{"index":"index","follow":"follow","max-snippet":"max-snippet:-1","max-image-preview":"max-image-preview:large","max-video-preview":"max-video-preview:-1"},"canonical":"https:\/\/www.eurofirany.com.pl\/blog\/pokoj-dla-dziewczynki-dobrac-dodatki-dla-malej-ksiezniczki","og_locale":"pl_PL","og_type":"article","og_title":"Pok\u00f3j dla dziewczynki \u2013 jak dobra\u0107 dodatki dla ma\u0142ej ksi\u0119\u017cniczki? - E-blog by Eurofirany","og_description":"Czas czytania:  4 minutyKa\u017cda ma\u0142a dziewczynka marzy o w\u0142asnym pokoju, w kt\u00f3rym poczuje si\u0119 jak prawdziwa ksi\u0119\u017cniczka. Du\u017c\u0105 rol\u0119 w jego aran\u017cacji odgrywaj\u0105 jednak nie tylko meble, ale i dodatki. Jak dopasowa\u0107 je do wn\u0119trza, by budowa\u0142y bajkowy klimat? Jak sprawi\u0107, by pok\u00f3j [&hellip;]","og_url":"https:\/\/www.eurofirany.com.pl\/blog\/pokoj-dla-dziewczynki-dobrac-dodatki-dla-malej-ksiezniczki","og_site_name":"E-blog by Eurofirany","article_published_time":"2018-03-27T08:55:08+00:00","article_modified_time":"2018-04-25T07:46:33+00:00","og_image":[{"width":1260,"height":750,"url":"https:\/\/www.eurofirany.com.pl\/blog\/wp-content\/uploads\/2018\/03\/pok\u00f3j-dziewczynki-g\u0142\u00f3wne.jpg","type":"image\/jpeg"}],"author":"Eurofirany","twitter_card":"summary_large_image","twitter_misc":{"Napisane przez":"Eurofirany","Szacowany czas czytania":"5 minut"},"schema":{"@context":"https:\/\/schema.org","@graph":[{"@type":"Article","@id":"https:\/\/www.eurofirany.com.pl\/blog\/pokoj-dla-dziewczynki-dobrac-dodatki-dla-malej-ksiezniczki#article","isPartOf":{"@id":"https:\/\/www.eurofirany.com.pl\/blog\/pokoj-dla-dziewczynki-dobrac-dodatki-dla-malej-ksiezniczki"},"author":{"name":"Eurofirany","@id":"https:\/\/www.eurofirany.com.pl\/blog\/#\/schema\/person\/40668cc81b90ccb029e2520a25e90b73"},"headline":"Pok\u00f3j dla dziewczynki \u2013 jak dobra\u0107 dodatki dla ma\u0142ej ksi\u0119\u017cniczki?","datePublished":"2018-03-27T08:55:08+00:00","dateModified":"2018-04-25T07:46:33+00:00","mainEntityOfPage":{"@id":"https:\/\/www.eurofirany.com.pl\/blog\/pokoj-dla-dziewczynki-dobrac-dodatki-dla-malej-ksiezniczki"},"wordCount":1053,"commentCount":3,"publisher":{"@id":"https:\/\/www.eurofirany.com.pl\/blog\/#organization"},"image":{"@id":"https:\/\/www.eurofirany.com.pl\/blog\/pokoj-dla-dziewczynki-dobrac-dodatki-dla-malej-ksiezniczki#primaryimage"},"thumbnailUrl":"https:\/\/www.eurofirany.com.pl\/blog\/wp-content\/uploads\/2018\/03\/pok\u00f3j-dziewczynki-g\u0142\u00f3wne.jpg","keywords":["style wn\u0119trzarskie","Wn\u0119trza inspiracje"],"articleSection":["Inspiracje","Pok\u00f3j dziecka"],"inLanguage":"pl-PL","potentialAction":[{"@type":"CommentAction","name":"Comment","target":["https:\/\/www.eurofirany.com.pl\/blog\/pokoj-dla-dziewczynki-dobrac-dodatki-dla-malej-ksiezniczki#respond"]}]},{"@type":"WebPage","@id":"https:\/\/www.eurofirany.com.pl\/blog\/pokoj-dla-dziewczynki-dobrac-dodatki-dla-malej-ksiezniczki","url":"https:\/\/www.eurofirany.com.pl\/blog\/pokoj-dla-dziewczynki-dobrac-dodatki-dla-malej-ksiezniczki","name":"Pok\u00f3j dla dziewczynki \u2013 jak dobra\u0107 dodatki dla ma\u0142ej ksi\u0119\u017cniczki? - E-blog by Eurofirany","isPartOf":{"@id":"https:\/\/www.eurofirany.com.pl\/blog\/#website"},"primaryImageOfPage":{"@id":"https:\/\/www.eurofirany.com.pl\/blog\/pokoj-dla-dziewczynki-dobrac-dodatki-dla-malej-ksiezniczki#primaryimage"},"image":{"@id":"https:\/\/www.eurofirany.com.pl\/blog\/pokoj-dla-dziewczynki-dobrac-dodatki-dla-malej-ksiezniczki#primaryimage"},"thumbnailUrl":"https:\/\/www.eurofirany.com.pl\/blog\/wp-content\/uploads\/2018\/03\/pok\u00f3j-dziewczynki-g\u0142\u00f3wne.jpg","datePublished":"2018-03-27T08:55:08+00:00","dateModified":"2018-04-25T07:46:33+00:00","breadcrumb":{"@id":"https:\/\/www.eurofirany.com.pl\/blog\/pokoj-dla-dziewczynki-dobrac-dodatki-dla-malej-ksiezniczki#breadcrumb"},"inLanguage":"pl-PL","potentialAction":[{"@type":"ReadAction","target":["https:\/\/www.eurofirany.com.pl\/blog\/pokoj-dla-dziewczynki-dobrac-dodatki-dla-malej-ksiezniczki"]}]},{"@type":"ImageObject","inLanguage":"pl-PL","@id":"https:\/\/www.eurofirany.com.pl\/blog\/pokoj-dla-dziewczynki-dobrac-dodatki-dla-malej-ksiezniczki#primaryimage","url":"https:\/\/www.eurofirany.com.pl\/blog\/wp-content\/uploads\/2018\/03\/pok\u00f3j-dziewczynki-g\u0142\u00f3wne.jpg","contentUrl":"https:\/\/www.eurofirany.com.pl\/blog\/wp-content\/uploads\/2018\/03\/pok\u00f3j-dziewczynki-g\u0142\u00f3wne.jpg","width":1260,"height":750,"caption":"Pok\u00f3j dla dziewczynki - najmodniejsze aran\u017cacje"},{"@type":"BreadcrumbList","@id":"https:\/\/www.eurofirany.com.pl\/blog\/pokoj-dla-dziewczynki-dobrac-dodatki-dla-malej-ksiezniczki#breadcrumb","itemListElement":[{"@type":"ListItem","position":1,"name":"Strona g\u0142\u00f3wna","item":"https:\/\/www.eurofirany.com.pl\/blog"},{"@type":"ListItem","position":2,"name":"Pok\u00f3j dla dziewczynki \u2013 jak dobra\u0107 dodatki dla ma\u0142ej ksi\u0119\u017cniczki?"}]},{"@type":"WebSite","@id":"https:\/\/www.eurofirany.com.pl\/blog\/#website","url":"https:\/\/www.eurofirany.com.pl\/blog\/","name":"E-blog by Eurofirany","description":"","publisher":{"@id":"https:\/\/www.eurofirany.com.pl\/blog\/#organization"},"potentialAction":[{"@type":"SearchAction","target":{"@type":"EntryPoint","urlTemplate":"https:\/\/www.eurofirany.com.pl\/blog\/?s={search_term_string}"},"query-input":{"@type":"PropertyValueSpecification","valueRequired":true,"valueName":"search_term_string"}}],"inLanguage":"pl-PL"},{"@type":"Organization","@id":"https:\/\/www.eurofirany.com.pl\/blog\/#organization","name":"Eurofirany","url":"https:\/\/www.eurofirany.com.pl\/blog\/","logo":{"@type":"ImageObject","inLanguage":"pl-PL","@id":"https:\/\/www.eurofirany.com.pl\/blog\/#\/schema\/logo\/image\/","url":"https:\/\/www.eurofirany.com.pl\/blog\/wp-content\/uploads\/2017\/07\/logo.png","contentUrl":"https:\/\/www.eurofirany.com.pl\/blog\/wp-content\/uploads\/2017\/07\/logo.png","width":428,"height":201,"caption":"Eurofirany"},"image":{"@id":"https:\/\/www.eurofirany.com.pl\/blog\/#\/schema\/logo\/image\/"}},{"@type":"Person","@id":"https:\/\/www.eurofirany.com.pl\/blog\/#\/schema\/person\/40668cc81b90ccb029e2520a25e90b73","name":"Eurofirany","image":{"@type":"ImageObject","inLanguage":"pl-PL","@id":"https:\/\/secure.gravatar.com\/avatar\/a39a7f2138e0314b2b203f3bfbe1308e0284f34e289e0d6c8cd96737f79df0bd?s=96&d=mm&r=g","url":"https:\/\/secure.gravatar.com\/avatar\/a39a7f2138e0314b2b203f3bfbe1308e0284f34e289e0d6c8cd96737f79df0bd?s=96&d=mm&r=g","contentUrl":"https:\/\/secure.gravatar.com\/avatar\/a39a7f2138e0314b2b203f3bfbe1308e0284f34e289e0d6c8cd96737f79df0bd?s=96&d=mm&r=g","caption":"Eurofirany"},"description":"Jeste\u015bmy rodzinn\u0105 firm\u0105, obecn\u0105 na rynku od 1991 roku. Dzi\u0119ki dba\u0142o\u015bci o niespotykan\u0105 oryginalno\u015b\u0107 i najwy\u017csz\u0105 jako\u015b\u0107 zapewnili\u015bmy sobie siln\u0105 pozycj\u0119 w bran\u017cy home decor. Inspiracji dla swoich kolekcji szukamy na krajowych i mi\u0119dzynarodowych targach wn\u0119trzarskich. Wsp\u00f3\u0142pracujemy r\u00f3wnie\u017c z ikonami stylu i projektantami rangi \u015bwiatowej, jak Eva Minge czy Pierre Cardin. Posiadamy prawie 70 salon\u00f3w stacjonarnych i bogato wyposa\u017cony sklep online. Oferujemy nie tylko firany i zas\u0142ony, ale te\u017c narzuty, koce, po\u015bciele, r\u0119czniki, obrusy, lampy czy ceramik\u0119 u\u017cytkow\u0105. Zapewniamy wi\u0119c tkaniny, dodatki i akcesoria do pi\u0119knych wn\u0119trz \u2013 Twoich wn\u0119trz. Zajmujemy si\u0119 te\u017c profesjonalnym szyciem firan i zas\u0142on na wymiar. Dzi\u0119ki wieloletniemu do\u015bwiadczeniu, w\u0142asnej pracowni krawieckiej oraz zespo\u0142owi stylist\u00f3w wn\u0119trz, jeste\u015bmy w stanie sprosta\u0107 ka\u017cdemu wyzwaniu. Sprawd\u017a nas!","url":"https:\/\/www.eurofirany.com.pl\/blog\/author\/eurofirany"}]}},"_links":{"self":[{"href":"https:\/\/www.eurofirany.com.pl\/blog\/wp-json\/wp\/v2\/posts\/3281","targetHints":{"allow":["GET"]}}],"collection":[{"href":"https:\/\/www.eurofirany.com.pl\/blog\/wp-json\/wp\/v2\/posts"}],"about":[{"href":"https:\/\/www.eurofirany.com.pl\/blog\/wp-json\/wp\/v2\/types\/post"}],"author":[{"embeddable":true,"href":"https:\/\/www.eurofirany.com.pl\/blog\/wp-json\/wp\/v2\/users\/1"}],"replies":[{"embeddable":true,"href":"https:\/\/www.eurofirany.com.pl\/blog\/wp-json\/wp\/v2\/comments?post=3281"}],"version-history":[{"count":9,"href":"https:\/\/www.eurofirany.com.pl\/blog\/wp-json\/wp\/v2\/posts\/3281\/revisions"}],"predecessor-version":[{"id":3602,"href":"https:\/\/www.eurofirany.com.pl\/blog\/wp-json\/wp\/v2\/posts\/3281\/revisions\/3602"}],"wp:featuredmedia":[{"embeddable":true,"href":"https:\/\/www.eurofirany.com.pl\/blog\/wp-json\/wp\/v2\/media\/3290"}],"wp:attachment":[{"href":"https:\/\/www.eurofirany.com.pl\/blog\/wp-json\/wp\/v2\/media?parent=3281"}],"wp:term":[{"taxonomy":"category","embeddable":true,"href":"https:\/\/www.eurofirany.com.pl\/blog\/wp-json\/wp\/v2\/categories?post=3281"},{"taxonomy":"post_tag","embeddable":true,"href":"https:\/\/www.eurofirany.com.pl\/blog\/wp-json\/wp\/v2\/tags?post=3281"}],"curies":[{"name":"wp","href":"https:\/\/api.w.org\/{rel}","templated":true}]}}